{"id":10607,"date":"2020-08-11T03:56:51","date_gmt":"2020-08-11T03:56:51","guid":{"rendered":"http:\/\/hormigaradio.com\/?p=10607"},"modified":"2020-08-11T04:11:15","modified_gmt":"2020-08-11T04:11:15","slug":"abinader-anuncia-tercer-nombramiento-clan-decamps-german-perremeistas-comparten-curriculum-de-la-divita","status":"publish","type":"post","link":"https:\/\/hormigaradio.com\/?p=10607","title":{"rendered":"ABINADER ANUNCIA TERCER NOMBRAMIENTO  CLAN  DE CAMPS GERMAN; PERREMEISTAS  COMPARTEN CURRICULUM DE &#8220;LA DIVITA&#8221;"},"content":{"rendered":"<p>Por\u00a0<a class=\"text-font font-700\" href=\"https:\/\/acento.com.do\/autor\/index.html?user_slug=servicios\">SERVICIOS DE ACENTO.COM.DO<\/a><\/p>\n<p class=\"2\">SANTO DOMINGO, Rep\u00fablica Dominicana.-El presidente electo Luis Abinader anunci\u00f3 nuevos cargos para su administraci\u00f3n que empezar\u00e1 el pr\u00f3ximo domingo 16.<\/p>\n<p class=\"2\">Las designaciones son: Eduardo Sanz Lovaton, director general de Aduanas.<\/p>\n<p class=\"2\">Luis Valdez, Director General de Impuestos Internos (DGII).<\/p>\n<p class=\"2\">Orlando Jorge Mera, ministro de Medio Ambiente y Recursos Naturales.<\/p>\n<p class=\"2\">Carmen Heredia, ministra de Cultura, y el maestro Amaury S\u00e1nchez ser\u00e1 designado Asesor Art\u00edstico y Cultural del Poder Ejecutivo y Coordinador Nacional del Sistema de Orquestas Juveniles e Infantiles.<\/p>\n<p class=\"2\">Asimismo, Abinader inform\u00f3 que Federico Franco ser\u00e1 el vicministro de \u00c1reas Protegidas y Biodiversidad, y la Milagros De Camps la viceministra de Cooperaci\u00f3n Internacional del Ministerio de Ambiente y Recursos Naturales.<\/p>\n<p class=\"2\">El presidente Luis Abinader dio estas informaciones desde su cuenta de Twitter\u00a0<span class=\"css-901oao css-16my406 r-1qd0xha r-ad9z0x r-bcqeeo r-qvutc0\">@luisabinade<\/span>r<\/p>\n<div id=\"news-4-13\" class=\"banner-box dfp-async loaded\" data-bannerdesktop=\"true\" data-bannermobile=\"true\"><\/div>\n<p class=\"2\">Sobre los nuevos funcionarios:<\/p>\n<p class=\"2\"><strong>Orlando Jorge Mera<\/strong><\/p>\n<picture class=\"image\"><img loading=\"lazy\" src=\"https:\/\/acento.com.do\/media\/storage02\/uploads\/2020\/08\/Orlando-Jorge-Mera.jpg\" alt=\" Orlando Jorge Mera\" width=\"245\" height=\"371\" \/>Orlando Jorge Mera<\/picture>\n<p class=\"2\">Orlando Jorge Mera es abogado y docente con una maestr\u00eda en Administraci\u00f3n de Negocios, doctorando en Derecho de la Universidad Externado de Colombia y PUCMM.<\/p>\n<p class=\"2\">Fue presidente del INDOTEL durante el gobierno del presidente Hip\u00f3lito Mej\u00eda; socio en Jorge Mera &amp; Villegas; es columnista semanal del vespertino El Nacional y conductor del programa L\u00edderes TV.<\/p>\n<p class=\"2\">Miembro fundador del Partido Revolucionario Moderno, fue su presidente en funciones y posteriormente delegado pol\u00edtico ante la Junta Central Electoral, a lo largo del proceso electoral interno del 2019 y general del 2020.<\/p>\n<div id=\"news-4-25\" class=\"banner-box dfp-async loaded\" data-bannerdesktop=\"true\" data-bannermobile=\"true\"><\/div>\n<p class=\"2\"><strong>Carmen Heredia Ottenwalder<\/strong><\/p>\n<div id=\"news-4-31\" class=\"banner-box dfp-async loaded\" data-bannerdesktop=\"true\" data-bannermobile=\"true\"><\/div>\n<picture class=\"image\"><img loading=\"lazy\" src=\"https:\/\/acento.com.do\/media\/storage02\/uploads\/2020\/08\/Carmen-Heredia.jpg\" alt=\" Carmen Heredia\" width=\"277\" height=\"320\" \/>Carmen Heredia<\/picture>\n<p class=\"2\">Realiz\u00f3 Estudios de Administraci\u00f3n de Empresas en el pa\u00eds y Gesti\u00f3n y Desarrollo del Espect\u00e1culo en el Instituto de Artes Esc\u00e9nica y M\u00fasica de Madrid, Espa\u00f1a, que le sirve de base para desarrollar una prol\u00edfica y fecunda carrera en el arte y la cultura nacionales.<\/p>\n<p class=\"2\">Heredia ha sido Sub Directora del Museo de las Casas Reales, Directora del Ballet Cl\u00e1sico Nacional, Directora General de Bellas Artes, Directora del Teatro Nacional, Miembro Consejo Ministerial de Cultura.<\/p>\n<p class=\"2\">Particip\u00f3 como delegada en la I, II y III, Conferencias de Especialistas en Ballet en Panam\u00e1, Buenos Aires y Caracas. Designada Secretaria General de la \u201cSociedad Iberoamericana de Danza\u201d, dirigida por Madame Margot Fonteyn, Delegada Primera Asamblea del Centro de Las Am\u00e9ricas, World Dance Alliance, New York, elegida como Miembro del Comit\u00e9 Alianza Mundial De La Danza.<\/p>\n<p class=\"2\">Ha ejercido la Cr\u00edtica de Teatro, Danza y M\u00fasica por m\u00e1s de 40 a\u00f1os en diferentes medios de Comunicaci\u00f3n.<\/p>\n<p class=\"2\">Algunos de sus art\u00edculos han sido publicados en: Libro Di\u00f3genes de la Universidad de California, en el Libro de C\u00e1tedra de Lengua Espa\u00f1ola IV de la Editora Santillana y en la Revista de Las Bellas Artes de Puerto Rico,<\/p>\n<p class=\"2\">Es autora de los libros \u201cEspacios de Teatro y Danza y otros Espacios\u201d y \u201cDesde Platea\u201d. Su labor art\u00edstica y cultural la ha hecho merecedora de m\u00faltiples reconocimientos en el pa\u00eds y en el exterior.<\/p>\n<p class=\"2\"><strong>Amaury S\u00e1nchez<\/strong><\/p>\n<picture class=\"image\"><img loading=\"lazy\" src=\"https:\/\/acento.com.do\/media\/storage02\/uploads\/2020\/08\/Amaury-S%C3%A1nchez..jpg\" alt=\" Amaury S\u00e1nchez.\" width=\"288\" height=\"175\" \/>Amaury S\u00e1nchez.<\/picture>\n<p class=\"2\">Luis Amaury S\u00e1nchez Lembert hizo estudios de licenciatura en sistemas de informaci\u00f3n en la Universidad APEC. Tiene una licenciatura en M\u00fasica en la Universidad Pedro Henr\u00edquez Ure\u00f1a. Miembro por 15 a\u00f1os de la Orquesta Sinf\u00f3nica Nacional. -Director Asistente de la OSN, designado por el Titular Maestro Julio De Windt. -Estudios de Direcci\u00f3n Orquestal en Espa\u00f1a con el maestro Enrique Garc\u00eda Asensio. -Estudios en New York con los Maestros Jean Paolo Braccali, Zenech Macal, y George Manahan. -Estudios en la Universidad de Concepci\u00f3n, Chile, con el Maestro Luis Gorelik. -Ha dirigido las Orquestas: Filarm\u00f3nica de Costa Rica, Panam\u00e1, Venezuela y Puerto Rico.<\/p>\n<p class=\"2\">Acompa\u00f1\u00f3 ajunto a la Orquesta Sinf\u00f3nica Nacional a Pl\u00e1cido Domingo, Danny Rivera y a Alberto Cort\u00e9s entre otros artistas Dominicanos y extranjeros. Es ganador de 19 premios Soberano en diversos renglones. -Nominado a los premios Grammy Latino en el 2018 -Compositor de m\u00fasica original para mas de 10 pel\u00edculas entre extranjeras y dominicanas. -Productor de 20 musicales de Broadway en el pa\u00eds.<\/p>\n<p class=\"2\"><strong>Luis Valdez<\/strong><\/p>\n<picture class=\"image\"><img loading=\"lazy\" class=\" alignleft\" src=\"https:\/\/ssl.c.photoshelter.com\/img-get\/I00003Sg3.jLuJ_0\/s\/500\/I00003Sg3.jLuJ_0.jpg\" width=\"298\" height=\"355\" \/><\/picture>\n<p class=\"2\">Tiene un master en Derecho Tributario y Procesal Tributario de la Universidad Aut\u00f3noma de Santo Domingo, es licenciado en Derecho, Sunma Cum Laude, de la Universidad de la Tercera Edad, es miembro del Colegio de Abogados de la Republica Dominicana, tiene diplomado sobre el Desarrollo del Mercado Hipotecario y Fideicomiso en la Republica Dominicana, de la Gaceta Judicial-Universidad Iberoamericana UNIBE.<\/p>\n<p class=\"2\">Diplomado en Econom\u00eda Pol\u00edtica del Instituto Jos\u00e9 Francisco Pe\u00f1a G\u00f3mez, es Locutor Profesional de la Comisi\u00f3n Nacional de Espect\u00e1culo Publico y Radiofon\u00eda y tiene otros estudios como T\u00e9cnicas Grupales para la Educaci\u00f3n, en la Universidad Cat\u00f3lica Madre y Maestra, Curso B\u00e1sico del Impuesto sobre la Renta, Actualizaci\u00f3n para la aplicaci\u00f3n del Impuesto sobre la Renta, Retenci\u00f3n y Liquidaci\u00f3n, Estad\u00edsticas Tributarias y Modernizaci\u00f3n del Registro Nacional de Contribuyentes, del Instituto de Capacitaci\u00f3n Tributaria INCAT.<\/p>\n<p class=\"2\">Tambi\u00e9n hizo estudios con Asesores Administrativos Asociados, de Formaci\u00f3n y Desarrollo Gerencial de la Uni\u00f3n de Ciudades y Capitales Iberoamericanas UCCI, en el III Comit\u00e9 de Desarrollo Econ\u00f3mico, en Madrid Espa\u00f1a, Dise\u00f1o Estrat\u00e9gico de Campa\u00f1as Electorales, Universidad Aut\u00f3noma de Santo Domingo UASD, Lat\u00edn American Political Marketing, University of Miami Florida<\/p>\n<p class=\"2\">Valdez ha tenido tambi\u00e9n una dilatada experiencia laboral en los diferentes niveles de la actividad privada, hasta la condici\u00f3n de propietario de su propia empresa. De 2007 a 2016 ha ejercido la asesor\u00eda privada en el \u00e1rea empresarial.<\/p>\n<p class=\"2\"><strong>Eduardo (Yayo) Sanz Lovat\u00f3n<\/strong><\/p>\n<picture class=\"image\"><img loading=\"lazy\" src=\"https:\/\/acento.com.do\/media\/storage02\/uploads\/2020\/08\/Eduardo-Sanz-Lovaton.jpg\" alt=\" Eduardo Sanz Lovaton\" width=\"279\" height=\"209\" \/>Eduardo Sanz Lovaton<\/picture>\n<p class=\"2\">Graduado en Derecho de la Pontificia Universidad Cat\u00f3lica Madre y Maestra y Doctorado en Derecho Internacional Privado en el Centro de Estudios Estrat\u00e9gicos y Diplom\u00e1ticos de Paris, Francia. Realiz\u00f3 estudios en Derecho Civil de la Universidad de Paris II, Pantheon-Assas. Egresado del programa \u201cLibre Comercio en Las Am\u00e9ricas\u201d organizado conjuntamente por el Instituto Baker para Pol\u00edticas P\u00fablicas de la Universidad Rice, Houston Texas y la Organizaci\u00f3n de Estados Americanos (OEA). Sanz Lovat\u00f3n tambi\u00e9n es egresado del programa de Liderazgo Profesional del National Democratic Institute (NDI), Washington, D. C.<\/p>\n<p class=\"2\">Ha desarrollado una larga trayectoria en la fundaci\u00f3n y direcci\u00f3n de asociaciones sin fines de lucro en beneficio de la sociedad dominicana en el pa\u00eds y el exterior. Se destaca como fundador de las asociaciones Juventud y Desarrollo, de Estudiantes Dominicanos en Francia, de Juristas Dominico-Franceses, de Estudiantes de Derecho PUCMM-RSTA.<\/p>\n<p class=\"2\">Ha sido columnista de los peri\u00f3dicos List\u00edn Diario, El Caribe y Hoy. Ha publicado el libro \u201cRelatos de Par\u00eds\u201d, sobre las principales vivencias de un diplom\u00e1tico y estudiante en la capital francesa. Tambi\u00e9n es autor de varios ensayos que estudian la problem\u00e1tica del Derecho de la Competencia y las legislaciones de Propiedad Intelectual. Fue galardonado con el Premio Nacional de la Juventud en el a\u00f1o 2003, rengl\u00f3n Liderazgo Profesional.<\/p>\n<p class=\"2\">Fue designado en el a\u00f1o 2000 como secretario de la legaci\u00f3n diplom\u00e1tica dominicana ante la Rep\u00fablica Francesa, cargo que desempe\u00f1\u00f3 hasta julio del a\u00f1o 2002. A nivel profesional, se ha desempe\u00f1ado como consultor legal de la Gerencia de Defensa a la Competencia y Protecci\u00f3n al Consumidor en el Instituto Dominicano de las Telecomunicaciones (INDOTEL) del 2002 al 2006. Desde el a\u00f1o 2004 hasta los actuales momentos se desempe\u00f1a como Socio Gerente de la firma de abogados STAFF LEGAL. En el campo acad\u00e9mico ha desarrollado una labor docente como catedr\u00e1tico del Derecho Civil en las universidades: Pontifica Universidad Cat\u00f3lica Madre y Maestra (PUCMM), UNIBE, APEC y UASD.<\/p>\n<p class=\"2\">Su carrera pol\u00edtica lo ha llevado a trabajar como vocero de candidatos presidenciales. Fue Director Pol\u00edtico de la campa\u00f1a de Luis Abinader. Tambi\u00e9n Director de Campa\u00f1a de Carolina Mej\u00eda en su candidatura por la Alcald\u00eda del Distrito Nacional. Actualmente es el Secretario Nacional de Finanzas del PRM.<\/p>\n<p class=\"2\"><strong>Federico Franco<\/strong><\/p>\n<picture class=\"image\"><img loading=\"lazy\" src=\"https:\/\/acento.com.do\/media\/storage02\/uploads\/2020\/08\/Federico-Franco.jpg\" alt=\" Federico Franco\" width=\"282\" height=\"376\" \/>Federico Franco<\/picture>\n<p class=\"2\">Es ingeniero industrial, con experiencia en empresas nacionales e internacionales. Tiene m\u00e1s de 27 a\u00f1os vinculado de manera activa al sector medioambiental, fomentando el ecoturismo internacional y despertando conciencia, respeto y preservaci\u00f3n de nuestros recursos naturales. Trabaj\u00f3 en la conformaci\u00f3n de la primera Asociaci\u00f3n de Gu\u00edas del Parque J. Armando Berm\u00fadez, y bajo su gesti\u00f3n se consolid\u00f3 el dise\u00f1o y aprobaci\u00f3n de la planta de tratamiento de la zona sur de Santiago. En el 2016 cre\u00f3 la Fundaci\u00f3n Sociedad en Revoluci\u00f3n (SER), organizaci\u00f3n sin fines de lucro, cuya misi\u00f3n es colaborar en el rescate del medioambiente, elevar el nivel de conciencia del individuo como ente generador de cambios.<\/p>\n<p class=\"2\"><strong>Milagros De Camps<\/strong><\/p>\n<picture class=\"image\"><img loading=\"lazy\" src=\"https:\/\/acento.com.do\/media\/storage02\/uploads\/2020\/08\/Milagros-de-Camps..jpg\" alt=\" Milagros de Camps.\" width=\"285\" height=\"285\" \/><\/picture>\n<picture class=\"image\">Milagros de Camps.\u00a0<\/picture>Es abogada. Tiene una maestr\u00eda en Gesti\u00f3n Ambiental por la Universidad de Yale, Estados Unidos, y una maestr\u00eda en Derecho por la Universidad de Boston.<\/p>\n<p class=\"2\">Ha trabajado como asesora en Financiamiento Clim\u00e1tico y Pol\u00edticas P\u00fablicas, en el Global Green Growth Institute (GGGI), de M\u00e9xico, y como asesora legal del Green Climate Fund (GCF) en Corea del Sur.<\/p>\n<p class=\"2\">Es investigadora, docente, y ha publicado dos libros y varios art\u00edculos tratando los temas de Cambio Clim\u00e1tico y Sostenibilidad. Ha sido reconocida por organizaciones ambientales como la Asociaci\u00f3n de Derecho Ambiental de Yale (YELA) en la categor\u00eda de liderazgo.<\/p>\n<p>Impactos: 122<\/p>","protected":false},"excerpt":{"rendered":"<p>Por\u00a0SERVICIOS DE ACENTO.COM.DO SANTO DOMINGO, Rep\u00fablica Dominicana.-El presidente electo Luis Abinader anunci\u00f3 nuevos cargos para su administraci\u00f3n que empezar\u00e1 el pr\u00f3ximo domingo 16. Las<\/p>\n","protected":false},"author":3,"featured_media":10608,"comment_status":"open","ping_status":"closed","sticky":false,"template":"","format":"standard","meta":[],"categories":[3],"tags":[],"_links":{"self":[{"href":"https:\/\/hormigaradio.com\/index.php?rest_route=\/wp\/v2\/posts\/10607"}],"collection":[{"href":"https:\/\/hormigaradio.com\/index.php?rest_route=\/wp\/v2\/posts"}],"about":[{"href":"https:\/\/hormigaradio.com\/index.php?rest_route=\/wp\/v2\/types\/post"}],"author":[{"embeddable":true,"href":"https:\/\/hormigaradio.com\/index.php?rest_route=\/wp\/v2\/users\/3"}],"replies":[{"embeddable":true,"href":"https:\/\/hormigaradio.com\/index.php?rest_route=%2Fwp%2Fv2%2Fcomments&post=10607"}],"version-history":[{"count":2,"href":"https:\/\/hormigaradio.com\/index.php?rest_route=\/wp\/v2\/posts\/10607\/revisions"}],"predecessor-version":[{"id":10610,"href":"https:\/\/hormigaradio.com\/index.php?rest_route=\/wp\/v2\/posts\/10607\/revisions\/10610"}],"wp:featuredmedia":[{"embeddable":true,"href":"https:\/\/hormigaradio.com\/index.php?rest_route=\/wp\/v2\/media\/10608"}],"wp:attachment":[{"href":"https:\/\/hormigaradio.com\/index.php?rest_route=%2Fwp%2Fv2%2Fmedia&parent=10607"}],"wp:term":[{"taxonomy":"category","embeddable":true,"href":"https:\/\/hormigaradio.com\/index.php?rest_route=%2Fwp%2Fv2%2Fcategories&post=10607"},{"taxonomy":"post_tag","embeddable":true,"href":"https:\/\/hormigaradio.com\/index.php?rest_route=%2Fwp%2Fv2%2Ftags&post=10607"}],"curies":[{"name":"wp","href":"https:\/\/api.w.org\/{rel}","templated":true}]}}