{"id":10635,"date":"2020-08-12T22:10:15","date_gmt":"2020-08-12T22:10:15","guid":{"rendered":"http:\/\/hormigaradio.com\/?p=10635"},"modified":"2020-08-12T22:18:53","modified_gmt":"2020-08-12T22:18:53","slug":"bajar-nomina-mejorar-servicios-y-transparencia-las-metas-de-victor-breton-video","status":"publish","type":"post","link":"https:\/\/hormigaradio.com\/?p=10635","title":{"rendered":"BAJAR N\u00d3MINA, MEJORAR SERVICIOS Y TRANSPARENCIA, LAS METAS DE V\u00cdCTOR BRET\u00d3N (v\u00eddeo)"},"content":{"rendered":"<p>Por\u00a0<a class=\"text-font font-700\" href=\"https:\/\/acento.com.do\/autor\/index.html?user_slug=mlaureano\">M\u00c1XIMO LAUREANO<\/a><\/p>\n<figure id=\"attachment_10637\" aria-describedby=\"caption-attachment-10637\" style=\"width: 715px\" class=\"wp-caption aligncenter\"><a href=\"http:\/\/hormigaradio.com\/?attachment_id=10637\" rel=\"attachment wp-att-10637\"><img loading=\"lazy\" class=\"wp-image-10637 size-large\" src=\"http:\/\/hormigaradio.com\/wp-content\/uploads\/2020\/08\/DSC_0167-1024x684.jpg\" alt=\"\" width=\"715\" height=\"478\" srcset=\"https:\/\/hormigaradio.com\/wp-content\/uploads\/2020\/08\/DSC_0167-1024x684.jpg 1024w, https:\/\/hormigaradio.com\/wp-content\/uploads\/2020\/08\/DSC_0167-300x201.jpg 300w, https:\/\/hormigaradio.com\/wp-content\/uploads\/2020\/08\/DSC_0167-768x513.jpg 768w\" sizes=\"(max-width: 715px) 100vw, 715px\" \/><\/a><figcaption id=\"caption-attachment-10637\" class=\"wp-caption-text\">V<strong>\u00edctor Bret\u00f3n, director distrital Canca La Reyna.<\/strong><\/figcaption><\/figure>\n<p class=\"2\">CANCA LA REYNA, Moca.- Rep\u00fablica Dominicana.- Un egreso de RD$ 4 millones 771 mil 245.99 en personal, reparaci\u00f3n de veh\u00edculos, reconstrucci\u00f3n de calles y puentes, entre otros servicios, identifican los primeros 100 d\u00edas de V\u00edctor Jos\u00e9 Bret\u00f3n Gil, al frente de la Junta Distrital de Canca La Reina, distrito municipal de Moca, municipio cabecera de la provincia Espaillat.<\/p>\n<p class=\"2\">Salido de la lucha social, marcada desde el\u00a0Frente Amplio de Lucha Popular (Falpo), V\u00edctor Bret\u00f3n, ha pasado de motivar\u00a0protestas para exigir servicios, para sus comunidades a ser\u00a0el responsable de muchas soluciones a problemas que hab\u00eda denunciado por\u00a0tres d\u00e9cadas.<\/p>\n<p class=\"2\">Y es que ya no es \u00fatil esperar la decisi\u00f3n de una asamblea de los convocantes de un paro de labores, en el Club 2 de Mayo, para evaluar si se le da un comp\u00e1s de espera a las autoridades, para la reconstrucci\u00f3n de un tramo carretero, porque ahora la voz\u00a0 autorizada para las manifestaciones de reclamos est\u00e1 a la cabeza de la toma de decisiones, por esta raz\u00f3n, se oye\u00a0repetir que esta vez, el pandero est\u00e1 en buena mano, lo que hace que las expectativas para este per\u00edodo 2020-2024, en la Junta Distrital de Canca La Reyna, sean muy altas.<\/p>\n<p class=\"2\"><strong>Lo que se espera<\/strong><\/p>\n<p class=\"2\">\u201cHemos asumido el compromiso,\u00a0consciente de que las comunidades esperan mucho de nosotros y esa es la meta, cumplir\u00a0con lo que hemos prometido, aquellas cosas que puedan ser viables y servir de canal para solucionar problemas que no est\u00e1n a nuestro alcance, como es el caso del agua potable\u201d, afirma V\u00edctor Bret\u00f3n.<\/p>\n<p class=\"2\">Al tocar los temas\u00a0relacionados a la fase de luna de miel con\u00a0las comunidades que los eligieron, agrega que\u00a0de inicio la tarea de afrontar las responsabilidades con\u00a0un sistema sellado por el populismo y el clientelismo pol\u00edtico, le rest\u00f3 muchas\u00a0horas de sue\u00f1o.<\/p>\n<p class=\"2\">\u201cEl primer mes yo no dorm\u00eda\u201d, cuenta el director distrital, al explicar que en estos primeros\u00a0100 d\u00edas mucha gente se acercaba con la intenci\u00f3n de ser favorecido con alg\u00fan servicio, por el hecho de\u00a0 haber apoyado su candidatura, pero, sin tener una justificaci\u00f3n valedera para pedir una ayuda.<\/p>\n<p class=\"2\">Bret\u00f3n es el quinto director\u00a0de Canca La Reina, en Moca y es el primero elegido por votos directos, entre sus metas en los pr\u00f3ximos cuatro a\u00f1os, est\u00e1 bajar la n\u00f3mina, cuyo pago es RD$ 600, 000.00 mensuales, esto es casi una tercera parte del dinero que asigna el Gobierno, cada 30 d\u00edas.<\/p>\n<p class=\"2\">Al conversar con el equipo de\u00a0<a href=\"http:\/\/acento.com.do\/\">acento.com.do<\/a>, Bret\u00f3n asegura que encontr\u00f3 una n\u00f3mina de 90 empleados. Agrega que las evaluaciones\u00a0 de estos primeros 100 d\u00edas indican que\u00a0la instituci\u00f3n podr\u00eda ser eficiente con un m\u00e1ximo de 60 personas y un m\u00ednimo de 40.<\/p>\n<p class=\"2\">No obstante, el director distrital afirma que es una de las situaciones m\u00e1s dif\u00edciles, porque la gente quiere\u00a0empleos,\u00a0o\u00a0al menos quiere estar en una n\u00f3mina que le garantice una entrada econ\u00f3mica, sobre todo en esta \u00e9poca de una pandemia tan riesgosa como el coronavirus.<\/p>\n<p class=\"2\">\u201cYo espero que como\u00a0llegamos aqu\u00ed, aliados a otros\u00a0partidos, y ese partido\u00a0estar\u00e1 en la administraci\u00f3n del Estado, esto pueda ayudar con algunos nombramientos que no tengan que\u00a0 arrimarse a la idea de ser admitido aqu\u00ed\u201d, explica Bret\u00f3n.<\/p>\n<div class=\"videocontainer\">\n<div id=\"video22\" class=\"video-js vjs-default-skin vjs-paused vjs-controls-enabled vjs-workinghover vjs-v6 vjs-youtube video22-dimensions vjs-user-inactive\" lang=\"es-es\" role=\"region\" data-path=\"oxPGPOmeaOs\" data-vjsplayer=\"\" aria-label=\"Video Player\">\n<div>\n<p><iframe loading=\"lazy\" id=\"video22_Youtube_api\" class=\"vjs-tech\" title=\"YouTube video player\" src=\"https:\/\/www.youtube.com\/embed\/oxPGPOmeaOs?controls=0&amp;modestbranding=1&amp;rel=0&amp;showinfo=0&amp;loop=0&amp;fs=0&amp;hl=es&amp;enablejsapi=1&amp;origin=https%3A%2F%2Facento.com.do&amp;widgetid=1\" width=\"640\" height=\"360\" frameborder=\"0\" allowfullscreen=\"allowfullscreen\" data-mce-fragment=\"1\"><\/iframe><\/p>\n<div class=\"vjs-iframe-blocker\">Bret\u00f3n fue elegido en las elecciones municipales extraordinarias del 15 de marzo del 2020, como candidato del Frente Amplio, en alianza con el Partido Revolucionario Moderno\u00a0(PRM)\u00a0y otras organizaciones pol\u00edticas.<\/div>\n<\/div>\n<\/div>\n<\/div>\n<p class=\"2\">Otras de las metas\u00a0hacer m\u00e1s eficiente las pol\u00edticas de trabajo de la Junta Distrital, para\u00a0eso el funcionario explica que han procurado el acercamiento con las comunidades, para que las personas entiendan que no es necesario repartir d\u00e1divas, sino,\u00a0garantizar un buen servicio.<\/p>\n<p class=\"2\">En la gesti\u00f3n 2020-2024, en Canca La Reyna,\u00a0tambi\u00e9n se proponen formar al personal para que cada empleado\u00a0conozca sus responsabilidades\u00a0 con el servicio y la transparencia. De ah\u00ed\u00a0que el director distrital se propone tener\u00a0al d\u00eda toda la informaci\u00f3n de los\u00a0ingresos y egresos de la instituci\u00f3n.<\/p>\n<p class=\"2\"><strong>En los primeros 100 d\u00edas<\/strong><\/p>\n<p class=\"2\">V\u00edctor\u00a0Jos\u00e9 Bret\u00f3n cree que\u00a0su principal\u00a0objetivo en\u00a0los primeros 100 d\u00edas ha sido\u00a0acercar la Junta Distrital a las comunidades, que la\u00a0gente no\u00a0vea a las autoridades\u00a0locales como un ente superior al que no pueden llegar, sino que vean la junta como un canal de soluciones.<\/p>\n<p class=\"2\">El director distrital agrega a su lista logros la fase de evaluaci\u00f3n, la inversi\u00f3n de RD$ 196, 180.00, en el alumbrado de todo del distrito, la construcci\u00f3n de un puente en la comunidad Villa Dura,\u00a0adem\u00e1s de asistencias sociales, que incluyen ayudas a lugare\u00f1os por los efectos de la pandemia del coronavirus.<\/p>\n<figure id=\"attachment_10639\" aria-describedby=\"caption-attachment-10639\" style=\"width: 715px\" class=\"wp-caption aligncenter\"><a href=\"http:\/\/hormigaradio.com\/?attachment_id=10639\" rel=\"attachment wp-att-10639\"><img loading=\"lazy\" class=\"wp-image-10639 size-large\" src=\"http:\/\/hormigaradio.com\/wp-content\/uploads\/2020\/08\/DSC_0203-1024x684.jpg\" alt=\"\" width=\"715\" height=\"478\" srcset=\"https:\/\/hormigaradio.com\/wp-content\/uploads\/2020\/08\/DSC_0203-1024x684.jpg 1024w, https:\/\/hormigaradio.com\/wp-content\/uploads\/2020\/08\/DSC_0203-300x201.jpg 300w, https:\/\/hormigaradio.com\/wp-content\/uploads\/2020\/08\/DSC_0203-768x513.jpg 768w\" sizes=\"(max-width: 715px) 100vw, 715px\" \/><\/a><figcaption id=\"caption-attachment-10639\" class=\"wp-caption-text\"><strong>Junta Distrital, Canca La Reyna, Moca.<\/strong><\/figcaption><\/figure>\n<p class=\"2\">Bret\u00f3n destaca que para el accionar de la Junta Distrital, fue vital invertir en la reparaci\u00f3n y mantenimiento de\u00a0los cinco veh\u00edculos de los cuales cuenta la instituci\u00f3n, con una inversi\u00f3n de RD$ 648, 900. Aunque para su movilidad, el\u00a0director distrital adquiri\u00f3 un veh\u00edculo particular para su uso, porque la junta no tiene un autom\u00f3vil para\u00a0 esos fines.<\/p>\n<p class=\"2\"><strong>La prioridad<\/strong><\/p>\n<p class=\"2\">El hoy director distrital, quien acude a sus oficinas con el malet\u00edn de las obligaciones jur\u00eddicas, propias de sus oficios como abogado en ejercicio, asegura que la prioridad de la gente de Canca La Reyna, es el agua potable, una situaci\u00f3n que aunque no es una responsabilidad\u00a0de orden municipal, se ha asumido el compromiso de colaborar en todo lo que sea posible procurar una soluci\u00f3n.<\/p>\n<p class=\"2\">El funcionario agrega que a pesar de que las comunidades reciben agua de los acueductos de Santiago y Moca, jam\u00e1s\u00a0han tenido un servicio regular y eficiente.<\/p>\n<p><a href=\"http:\/\/hormigaradio.com\/?attachment_id=10636\" rel=\"attachment wp-att-10636\">INFORME FINANCIERO 100 DIAS JUNTA DISTRITAL CANCA LA REYNA (1)<\/a><\/p>\n<p>&nbsp;<\/p>\n<p>Impactos: 290<\/p>","protected":false},"excerpt":{"rendered":"<p>Por\u00a0M\u00c1XIMO LAUREANO CANCA LA REYNA, Moca.- Rep\u00fablica Dominicana.- Un egreso de RD$ 4 millones 771 mil 245.99 en personal, reparaci\u00f3n de veh\u00edculos, reconstrucci\u00f3n de<\/p>\n","protected":false},"author":3,"featured_media":10638,"comment_status":"open","ping_status":"closed","sticky":false,"template":"","format":"standard","meta":[],"categories":[9],"tags":[],"_links":{"self":[{"href":"https:\/\/hormigaradio.com\/index.php?rest_route=\/wp\/v2\/posts\/10635"}],"collection":[{"href":"https:\/\/hormigaradio.com\/index.php?rest_route=\/wp\/v2\/posts"}],"about":[{"href":"https:\/\/hormigaradio.com\/index.php?rest_route=\/wp\/v2\/types\/post"}],"author":[{"embeddable":true,"href":"https:\/\/hormigaradio.com\/index.php?rest_route=\/wp\/v2\/users\/3"}],"replies":[{"embeddable":true,"href":"https:\/\/hormigaradio.com\/index.php?rest_route=%2Fwp%2Fv2%2Fcomments&post=10635"}],"version-history":[{"count":3,"href":"https:\/\/hormigaradio.com\/index.php?rest_route=\/wp\/v2\/posts\/10635\/revisions"}],"predecessor-version":[{"id":10642,"href":"https:\/\/hormigaradio.com\/index.php?rest_route=\/wp\/v2\/posts\/10635\/revisions\/10642"}],"wp:featuredmedia":[{"embeddable":true,"href":"https:\/\/hormigaradio.com\/index.php?rest_route=\/wp\/v2\/media\/10638"}],"wp:attachment":[{"href":"https:\/\/hormigaradio.com\/index.php?rest_route=%2Fwp%2Fv2%2Fmedia&parent=10635"}],"wp:term":[{"taxonomy":"category","embeddable":true,"href":"https:\/\/hormigaradio.com\/index.php?rest_route=%2Fwp%2Fv2%2Fcategories&post=10635"},{"taxonomy":"post_tag","embeddable":true,"href":"https:\/\/hormigaradio.com\/index.php?rest_route=%2Fwp%2Fv2%2Ftags&post=10635"}],"curies":[{"name":"wp","href":"https:\/\/api.w.org\/{rel}","templated":true}]}}