{"id":10643,"date":"2020-08-13T03:23:18","date_gmt":"2020-08-13T03:23:18","guid":{"rendered":"http:\/\/hormigaradio.com\/?p=10643"},"modified":"2020-08-13T03:48:51","modified_gmt":"2020-08-13T03:48:51","slug":"tension-acto-inauguracion-hospital-por-protestas-ante-presidente-de-la-republica-videos","status":"publish","type":"post","link":"https:\/\/hormigaradio.com\/?p=10643","title":{"rendered":"TENSI\u00d3N ACTO REINAUGURACI\u00d3N HOSPITAL POR PROTESTAS ANTE PRESIDENTE DE LA REP\u00daBLICA (v\u00eddeos)"},"content":{"rendered":"<div class=\"article-body-content\">\n<p>Por\u00a0<a class=\"text-font font-700\" href=\"https:\/\/acento.com.do\/autor\/index.html?user_slug=mlaureano\">M\u00c1XIMO LAUREANO<\/a><\/p>\n<figure id=\"attachment_10644\" aria-describedby=\"caption-attachment-10644\" style=\"width: 715px\" class=\"wp-caption aligncenter\"><a href=\"http:\/\/hormigaradio.com\/?attachment_id=10644\" rel=\"attachment wp-att-10644\"><img loading=\"lazy\" class=\"wp-image-10644 size-large\" src=\"http:\/\/hormigaradio.com\/wp-content\/uploads\/2020\/08\/DSC_0324-1024x684.jpg\" alt=\"\" width=\"715\" height=\"478\" srcset=\"https:\/\/hormigaradio.com\/wp-content\/uploads\/2020\/08\/DSC_0324-1024x684.jpg 1024w, https:\/\/hormigaradio.com\/wp-content\/uploads\/2020\/08\/DSC_0324-300x201.jpg 300w, https:\/\/hormigaradio.com\/wp-content\/uploads\/2020\/08\/DSC_0324-768x513.jpg 768w\" sizes=\"(max-width: 715px) 100vw, 715px\" \/><\/a><figcaption id=\"caption-attachment-10644\" class=\"wp-caption-text\"><strong>Protestas contra la OISOE.<\/strong><\/figcaption><\/figure>\n<p class=\"2\">SANTIAGO, Rep\u00fablica Dominicana.- Militares de la Seguridad Presidencial despojaron de los carteles a varias personas, entre ellos m\u00e9dicos, que protestaron en la actividad de reinauguraci\u00f3n del hospital de atenci\u00f3n infantil, doctor Arturo Grull\u00f3n, un acto encabezado por el presidente de la Rep\u00fablica, Danilo Medina S\u00e1nchez.<\/p>\n<p class=\"2\">Mientras los funcionarios, Francisco Pag\u00e1n, director de la Oficina de Ingeniero Supervisores de Obras del Estado (OISOE) y el ministro de Salud P\u00fablica y Asistencia Social, Rafael S\u00e1nchez, C\u00e1rdenas, explicaban los detalles t\u00e9cnicos de la obra, los manifestantes se expresaron frente al mandatario con carteles.<\/p>\n<p class=\"2\">Llevaban mensajes contra la OISOE y criticaron que se reinaugurara el hospital, en cual seg\u00fan las denuncias falta \u201cde todo\u201d.<\/p>\n<p class=\"2\">Los manifestantes calificaron como una abuso y una burla, la acci\u00f3n de las autoridades de hacer una acto de reinauguraci\u00f3n, en un centro de salud, que seg\u00fan denunciaron solo le limpiaron la fachada para llevarse el m\u00e9rito como Gobierno.<\/p>\n<p class=\"2\">Una vez los manifestantes sacaron los carteles, los militares, procedieron en contra de estos, pero, no pudieron evitar ser grabados mientras romp\u00edan los letreros e incautaron otros.<\/p>\n<p class=\"2\">Tras la insistencia de los manifestantes, que alegaban ten\u00edan derecho a la protesta hubo \u201cmanoteo\u201d, entre una oficial de la Seguridad Presidencial y una dama que portaba el \u00faltimo cartel en ser destruido.<\/p>\n<p class=\"2\">Los funcionarios se refirieron a la protesta como un aspecto de la democracia, que permite que los ciudadanos y ciudadanas puedan ejercer su derecho, a\u00fan cuando se trataba de un abuso y un intento por boicotear un acto representativo del desarrollo del pa\u00eds y el bien de la comunidad de Santiago.<\/p>\n<p class=\"2\">\u201cYo se quienes son y porqu\u00e9 act\u00faan\u201d, dijo el ministro de Salud S\u00e1nchez C\u00e1rdenas, en su discurso, en el cual describi\u00f3 las facilidades que tendr\u00e1n los usuarios del centro de salud.<\/p>\n<div class=\"videocontainer\">\n<div id=\"video18\" class=\"video-js vjs-default-skin vjs-paused vjs-controls-enabled vjs-workinghover vjs-v6 vjs-youtube video18-dimensions vjs-user-inactive\" lang=\"es-es\" role=\"region\" data-path=\"u5Mvhwm2y5A&amp;feature\" data-vjsplayer=\"\" aria-label=\"Video Player\">\n<div>\n<p><iframe loading=\"lazy\" id=\"video18_Youtube_api\" class=\"vjs-tech\" title=\"YouTube video player\" src=\"https:\/\/www.youtube.com\/embed\/u5Mvhwm2y5A?controls=0&amp;modestbranding=1&amp;rel=0&amp;showinfo=0&amp;loop=0&amp;fs=0&amp;hl=es&amp;enablejsapi=1&amp;origin=https%3A%2F%2Facento.com.do&amp;widgetid=1\" width=\"640\" height=\"360\" frameborder=\"0\" allowfullscreen=\"allowfullscreen\" data-mce-fragment=\"1\"><\/iframe><\/p>\n<div class=\"vjs-iframe-blocker\"><\/div>\n<\/div>\n<div class=\"vjs-poster\" tabindex=\"-1\" aria-disabled=\"false\"><\/div>\n<div class=\"vjs-text-track-display\" aria-live=\"off\" aria-atomic=\"true\"><\/div>\n<p>&nbsp;<\/p>\n<\/div>\n<\/div>\n<div class=\"videocontainer\">\n<div id=\"video19\" class=\"video-js vjs-default-skin vjs-paused vjs-controls-enabled vjs-workinghover vjs-v6 vjs-youtube video19-dimensions vjs-user-inactive\" lang=\"es-es\" role=\"region\" data-path=\"Khw9lf8Sm5Q&amp;feature\" data-vjsplayer=\"\" aria-label=\"Video Player\">\n<div>\n<p><iframe loading=\"lazy\" id=\"video19_Youtube_api\" class=\"vjs-tech\" title=\"YouTube video player\" src=\"https:\/\/www.youtube.com\/embed\/Khw9lf8Sm5Q?controls=0&amp;modestbranding=1&amp;rel=0&amp;showinfo=0&amp;loop=0&amp;fs=0&amp;hl=es&amp;enablejsapi=1&amp;origin=https%3A%2F%2Facento.com.do&amp;widgetid=2\" width=\"640\" height=\"360\" frameborder=\"0\" allowfullscreen=\"allowfullscreen\" data-mce-fragment=\"1\"><\/iframe><\/p>\n<div class=\"vjs-iframe-blocker\"><\/div>\n<\/div>\n<p><button class=\"vjs-big-play-button\" title=\"Play Video\" type=\"button\" aria-live=\"polite\" aria-disabled=\"false\">\u00a0<\/button><\/p>\n<\/div>\n<\/div>\n<\/div>\n<p>Impactos: 82<\/p>","protected":false},"excerpt":{"rendered":"<p>Por\u00a0M\u00c1XIMO LAUREANO SANTIAGO, Rep\u00fablica Dominicana.- Militares de la Seguridad Presidencial despojaron de los carteles a varias personas, entre ellos m\u00e9dicos, que protestaron en la<\/p>\n","protected":false},"author":3,"featured_media":10645,"comment_status":"open","ping_status":"closed","sticky":false,"template":"","format":"standard","meta":[],"categories":[3],"tags":[],"_links":{"self":[{"href":"https:\/\/hormigaradio.com\/index.php?rest_route=\/wp\/v2\/posts\/10643"}],"collection":[{"href":"https:\/\/hormigaradio.com\/index.php?rest_route=\/wp\/v2\/posts"}],"about":[{"href":"https:\/\/hormigaradio.com\/index.php?rest_route=\/wp\/v2\/types\/post"}],"author":[{"embeddable":true,"href":"https:\/\/hormigaradio.com\/index.php?rest_route=\/wp\/v2\/users\/3"}],"replies":[{"embeddable":true,"href":"https:\/\/hormigaradio.com\/index.php?rest_route=%2Fwp%2Fv2%2Fcomments&post=10643"}],"version-history":[{"count":3,"href":"https:\/\/hormigaradio.com\/index.php?rest_route=\/wp\/v2\/posts\/10643\/revisions"}],"predecessor-version":[{"id":10648,"href":"https:\/\/hormigaradio.com\/index.php?rest_route=\/wp\/v2\/posts\/10643\/revisions\/10648"}],"wp:featuredmedia":[{"embeddable":true,"href":"https:\/\/hormigaradio.com\/index.php?rest_route=\/wp\/v2\/media\/10645"}],"wp:attachment":[{"href":"https:\/\/hormigaradio.com\/index.php?rest_route=%2Fwp%2Fv2%2Fmedia&parent=10643"}],"wp:term":[{"taxonomy":"category","embeddable":true,"href":"https:\/\/hormigaradio.com\/index.php?rest_route=%2Fwp%2Fv2%2Fcategories&post=10643"},{"taxonomy":"post_tag","embeddable":true,"href":"https:\/\/hormigaradio.com\/index.php?rest_route=%2Fwp%2Fv2%2Ftags&post=10643"}],"curies":[{"name":"wp","href":"https:\/\/api.w.org\/{rel}","templated":true}]}}