{"id":10661,"date":"2020-08-15T18:45:43","date_gmt":"2020-08-15T18:45:43","guid":{"rendered":"http:\/\/hormigaradio.com\/?p=10661"},"modified":"2020-08-15T18:45:59","modified_gmt":"2020-08-15T18:45:59","slug":"ascensos-y-retiros-de-oficiales-militares-y-policiales-ordenados-por-danilo-medina","status":"publish","type":"post","link":"https:\/\/hormigaradio.com\/?p=10661","title":{"rendered":"ASCENSOS Y RETIROS DE OFICIALES MILITARES Y POLICIALES ORDENADOS POR DANILO MEDINA"},"content":{"rendered":"<div class=\"article-body-content\">\n<p>Por\u00a0<a class=\"text-font font-700\" href=\"https:\/\/acento.com.do\/autor\/index.html?user_slug=julianh\">JULI\u00c1N HERRERA<\/a><\/p>\n<\/div>\n<p>SANTO DOMINGO, Rep\u00fablica Dominicana.- El Presidente Danilo Me<\/p>\n<div class=\"article-body-content\">\n<p><img loading=\"lazy\" class=\"alignleft\" src=\"https:\/\/acento.com.do\/media\/storage02\/uploads\/2020\/06\/Militares.jpeg\" alt=\"\" width=\"455\" height=\"303\" data-desktop=\"https:\/\/acento.com.do\/media\/storage02\/uploads\/2020\/06\/Militares.jpeg\" data-mobile=\"https:\/\/acento.com.do\/media\/storage02\/uploads\/2020\/06\/Militares.jpeg\" \/>dina ascendi\u00f3 este s\u00e1bado\u00a0 a seis coroneles y dos generales de brigada de las Fuerzas Armadas y de la Polic\u00eda Nacional\u00a0 a los \u00a0rangos de mayor general y \u00a0general brigada respectivamente, \u00a0de los cuales seis \u00a0fueron puestos en retiro en la misma disposici\u00f3n.<\/p>\n<\/div>\n<div class=\"article-body-content\">\n<p>Mediante el 322-20 fueron ascendidos a generales los coroneles Fidel Augusto Calca\u00f1o Paulino- ERD-, actual director de Inteligencia J-2- del Ministerio de Defensa, y al coronel de PN Rigoberto De los Santos Guerrero, quien se desempe\u00f1a como enlace entre el Poder Ejecutivo y la Polic\u00eda Nacional.<\/p>\n<p class=\"2\">Asimismo, el presidente Medina dispuso al ascenso y retiro de la vicealmirante Mayra Alicia D\u00edaz Mart\u00ednez-ARD- al rango de vicealmirante, y del general de brigada Franklin Vittini Dur\u00e1n- PN- promovido a mayor general, ambos est\u00e1n incluidos en el decreto 321-20 dado a conocer este s\u00e1bado.<\/p>\n<p class=\"2\">En la misma disposici\u00f3n, el mandatario ascendi\u00f3 al rango de general de brigada y puesto en retiro, a los coroneles Jos\u00e9 Manuel Espinal Benzant, quien se desempe\u00f1a como asistente del director del Departamento Nacional de Investigaciones (DNI), Voltaire Batista Matos -PN-, Andr\u00e9s F\u00e9lix Hern\u00e1ndez-PN-. y Epifanio Pe\u00f1a Lebr\u00f3n-FARD-.<\/p>\n<p class=\"2\">Estos ascensos y retiros autom\u00e1ticos ser\u00e1n efectivos a partir del 16 de agosto (ma\u00f1ana domingo).<\/p>\n<p class=\"2\"><a href=\"https:\/\/acento.com.do\/actualidad\/danilo-dispone-del-retiro-de-otros-7-generales-militares-8849668.html\">Danilo dispone del retiro de otros 7 generales militares<\/a><\/p>\n<p class=\"2\"><a href=\"https:\/\/acento.com.do\/actualidad\/danilo-ordena-retiro-honroso-de-ministro-de-defensa-y-director-de-policia-8849660.html\">Danilo ordena retiro honroso de ministro de Defensa y director de Polic\u00eda<\/a><\/p>\n<div id=\"news-4-13\" class=\"banner-box dfp-async loaded\" data-bannerdesktop=\"true\" data-bannermobile=\"true\"><\/div>\n<p class=\"2\"><a href=\"https:\/\/acento.com.do\/actualidad\/desafio-proximo-gobierno-17-mayores-generales-ff-aa-cobran-sin-trabajar-8849016.html\">Desaf\u00edo pr\u00f3ximo gobierno: 17 mayores generales FF.AA cobran sin trabajar<\/a><\/p>\n<picture class=\"image\"><img loading=\"lazy\" src=\"https:\/\/acento.com.do\/media\/storage02\/uploads\/2020\/08\/Decreto-de-Danilo-Medina-318-20.jpeg\" alt=\" Decreto de Danilo Medina 318-20\" width=\"1010\" height=\"964\" \/>Decreto de Danilo Medina 318-20<\/picture><picture class=\"image\"><img loading=\"lazy\" src=\"https:\/\/acento.com.do\/media\/storage02\/uploads\/2020\/08\/Decreto-de-Danilo-Medina-319-20.jpg\" alt=\"\" width=\"1100\" height=\"1419\" \/><\/picture><picture class=\"image\"><img loading=\"lazy\" src=\"https:\/\/acento.com.do\/media\/storage02\/uploads\/2020\/08\/Decreto-de-Danilo-Medina-319-20-b.jpg\" alt=\"\" width=\"1107\" height=\"1413\" \/><\/picture><picture class=\"image\"><img loading=\"lazy\" src=\"https:\/\/acento.com.do\/media\/storage02\/uploads\/2020\/08\/Decreto-de-Danilo-Medina-321-20.jpeg\" alt=\"\" width=\"815\" height=\"1024\" \/><\/picture>\n<\/div>\n<div id=\"tags\" class=\"tags flex-container align-center flex-wrap\"><a class=\"single-tag\" href=\"https:\/\/acento.com.do\/tags.html?tag=ascensos\">ASCENSOS<\/a><a class=\"single-tag\" href=\"https:\/\/acento.com.do\/tags.html?tag=coroneles\">CORONELES<\/a><a class=\"single-tag\" href=\"https:\/\/acento.com.do\/tags.html?tag=danilo-medina\">DANILO MEDINA<\/a><a class=\"single-tag\" href=\"https:\/\/acento.com.do\/tags.html?tag=generales\">GENERALES<\/a><a class=\"single-tag\" href=\"https:\/\/acento.com.do\/tags.html?tag=militares\">MILITARES<\/a><a class=\"single-tag\" href=\"https:\/\/acento.com.do\/tags.html?tag=policias\">POLIC\u00cdAS<\/a><a class=\"single-tag\" href=\"https:\/\/acento.com.do\/tags.html?tag=retiros\">RETIROS<\/a><\/div>\n<p>Impactos: 132<\/p>","protected":false},"excerpt":{"rendered":"<p>Por\u00a0JULI\u00c1N HERRERA SANTO DOMINGO, Rep\u00fablica Dominicana.- El Presidente Danilo Me dina ascendi\u00f3 este s\u00e1bado\u00a0 a seis coroneles y dos generales de brigada de las<\/p>\n","protected":false},"author":3,"featured_media":10662,"comment_status":"open","ping_status":"closed","sticky":false,"template":"","format":"standard","meta":[],"categories":[3],"tags":[],"_links":{"self":[{"href":"https:\/\/hormigaradio.com\/index.php?rest_route=\/wp\/v2\/posts\/10661"}],"collection":[{"href":"https:\/\/hormigaradio.com\/index.php?rest_route=\/wp\/v2\/posts"}],"about":[{"href":"https:\/\/hormigaradio.com\/index.php?rest_route=\/wp\/v2\/types\/post"}],"author":[{"embeddable":true,"href":"https:\/\/hormigaradio.com\/index.php?rest_route=\/wp\/v2\/users\/3"}],"replies":[{"embeddable":true,"href":"https:\/\/hormigaradio.com\/index.php?rest_route=%2Fwp%2Fv2%2Fcomments&post=10661"}],"version-history":[{"count":2,"href":"https:\/\/hormigaradio.com\/index.php?rest_route=\/wp\/v2\/posts\/10661\/revisions"}],"predecessor-version":[{"id":10664,"href":"https:\/\/hormigaradio.com\/index.php?rest_route=\/wp\/v2\/posts\/10661\/revisions\/10664"}],"wp:featuredmedia":[{"embeddable":true,"href":"https:\/\/hormigaradio.com\/index.php?rest_route=\/wp\/v2\/media\/10662"}],"wp:attachment":[{"href":"https:\/\/hormigaradio.com\/index.php?rest_route=%2Fwp%2Fv2%2Fmedia&parent=10661"}],"wp:term":[{"taxonomy":"category","embeddable":true,"href":"https:\/\/hormigaradio.com\/index.php?rest_route=%2Fwp%2Fv2%2Fcategories&post=10661"},{"taxonomy":"post_tag","embeddable":true,"href":"https:\/\/hormigaradio.com\/index.php?rest_route=%2Fwp%2Fv2%2Ftags&post=10661"}],"curies":[{"name":"wp","href":"https:\/\/api.w.org\/{rel}","templated":true}]}}