{"id":10665,"date":"2020-08-16T01:05:16","date_gmt":"2020-08-16T01:05:16","guid":{"rendered":"http:\/\/hormigaradio.com\/?p=10665"},"modified":"2020-08-16T01:18:25","modified_gmt":"2020-08-16T01:18:25","slug":"miriam-german-brito-es-la-procurador-general-designada-por-presidente-abinader","status":"publish","type":"post","link":"https:\/\/hormigaradio.com\/?p=10665","title":{"rendered":"MIRIAM GERM\u00c1N BRITO HABR\u00cdA SIDO  DESIGNADA POR PRESIDENTE ABINADER EN PROCURADUR\u00cdA"},"content":{"rendered":"<p>Por\u00a0<a class=\"text-font font-700\" href=\"https:\/\/acento.com.do\/autor\/index.html?user_slug=servicios\">SERVICIOS DE ACENTO.COM.DO<\/a><\/p>\n<p class=\"2\">SANTO DOMINGO, Rep\u00fablica Dominicana.-La magistrada Miriam Germ\u00e1n Brito es la designada Procuradora General de la Rep\u00fablica Dominicana, seg\u00fan pudo enterarse Acento.com.do a trav\u00e9s de varias fuentes vinculadas a la comunidad jur\u00eddica.<\/p>\n<p class=\"2\">Aunque tras el alborozo generado por un tuit publicado por el reputado periodista Luis Eduardo Lora (Huchi) en la tarde de este s\u00e1bado, en el cual expresaba la esperanza de que la nueva Procuradora fuera Germ\u00e1n Brito, el propio comunicador aclar\u00f3 que solo se trat\u00f3 un anhelo, y no de una noticia oficial, las fuentes dijeron que s\u00ed fue nombrada la exjueza de la Suprema Corte de Justicia.<\/p>\n<p>&nbsp;<\/p>\n<figure style=\"width: 728px\" class=\"wp-caption alignnone\"><img loading=\"lazy\" src=\"https:\/\/acento.com.do\/media\/storage02\/uploads\/2020\/07\/Miriam-Germ%C3%A1n-Brito-2-728x410.jpg\" alt=\"\" width=\"728\" height=\"410\" data-desktop=\"https:\/\/acento.com.do\/media\/storage02\/uploads\/2020\/07\/Miriam-Germ\u00e1n-Brito-2-728x410.jpg\" data-mobile=\"https:\/\/acento.com.do\/media\/storage02\/uploads\/2020\/07\/Miriam-Germ\u00e1n-Brito-2-400x225.jpg\" \/><figcaption class=\"wp-caption-text\"><strong>Miriam Germ\u00e1n.<\/strong><\/figcaption><\/figure>\n<p class=\"2\">De hecho, algunos medios que dieron la informaci\u00f3n como v\u00e1lida a partir del comentario de Huchi Lora, luego procedieron a borrar la noticia.<\/p>\n<p class=\"2\">Sin embargo, varias fuentes aseguraron a reporteros de Acento.com.do que es un hecho que el presidente Luis Abinader le propuso a Miriam Germ\u00e1n Brito que aceptara la designaci\u00f3n de Procuradora General de la Rep\u00fablica, y que la exjueza de la Suprema Corte de Justicia habr\u00eda aceptado la responsabilidad.<\/p>\n<p class=\"2\">Adem\u00e1s, una de las fuentes dijo que la magistrada Germ\u00e1n Brito hab\u00eda estado trabajando en los \u00faltimos d\u00edas formando su equipo de profesionales que le acompa\u00f1ar\u00edan en el cargo a partir de este domingo 16 de agosto, cuando se produzca el traspaso de mando y el presidente Luis Abinader d\u00e9 a conocer este esperado nombramiento.<\/p>\n<p class=\"2\">Detallaron que la nueva Procuradora emitir\u00eda un mensaje al pa\u00eds luego de juramentarse.<\/p>\n<p class=\"2\">De\u00a0 una larga trayectoria profesional al servicio del Ministerio P\u00fablico, primero, y luego de los tribunales de Justicia, Miriam Germ\u00e1n Brito se ha ganado el respeto de sus colegas, amigos y de toda la comunidad jur\u00eddica dominicana.<\/p>\n<p class=\"2\">Los ataques personales que en su contra descarg\u00f3 el saliente Procurador Jean Alain Rodr\u00edguez, en el Consejo Nacional de la Magistratura, en marzo de 2019, desataron una indignaci\u00f3n generalizada en la sociedad. Amplios sectores salieron en defensa de Germ\u00e1n Brito y condenaron los ataques, el espionaje y las difamaciones que el funcionario lanz\u00f3\u00a0 contra la digna servidora p\u00fablica.<\/p>\n<p class=\"2\">Asimismo, desde que el pa\u00eds se enter\u00f3 de los resultados de las elecciones del 5 de julio, que dieron el triunfo en primera vuelta al presidente Luis Abinader, fue creciendo un clamor popular pidiendo al gobernante electo que considerara a do\u00f1a Miriam Germ\u00e1n Brito para la delicada e importante funci\u00f3n de la Procuradur\u00eda General de la Rep\u00fablica, debido a la necesidad de enfrentar la corrupci\u00f3n y la impunidad.<\/p>\n<p class=\"2\">En la opini\u00f3n p\u00fablica hay voces contestes en que el nombramiento de Miriam Germ\u00e1n Brito ser\u00eda un desagravio a su persona y a la sociedad, por el atropello que llev\u00f3 a cabo el pasado gobierno a trav\u00e9s de Jean Alain Rodr\u00edguez.<\/p>\n<p>Impactos: 117<\/p>","protected":false},"excerpt":{"rendered":"<p>Por\u00a0SERVICIOS DE ACENTO.COM.DO SANTO DOMINGO, Rep\u00fablica Dominicana.-La magistrada Miriam Germ\u00e1n Brito es la designada Procuradora General de la Rep\u00fablica Dominicana, seg\u00fan pudo enterarse Acento.com.do<\/p>\n","protected":false},"author":3,"featured_media":10666,"comment_status":"open","ping_status":"closed","sticky":false,"template":"","format":"standard","meta":[],"categories":[3],"tags":[],"_links":{"self":[{"href":"https:\/\/hormigaradio.com\/index.php?rest_route=\/wp\/v2\/posts\/10665"}],"collection":[{"href":"https:\/\/hormigaradio.com\/index.php?rest_route=\/wp\/v2\/posts"}],"about":[{"href":"https:\/\/hormigaradio.com\/index.php?rest_route=\/wp\/v2\/types\/post"}],"author":[{"embeddable":true,"href":"https:\/\/hormigaradio.com\/index.php?rest_route=\/wp\/v2\/users\/3"}],"replies":[{"embeddable":true,"href":"https:\/\/hormigaradio.com\/index.php?rest_route=%2Fwp%2Fv2%2Fcomments&post=10665"}],"version-history":[{"count":3,"href":"https:\/\/hormigaradio.com\/index.php?rest_route=\/wp\/v2\/posts\/10665\/revisions"}],"predecessor-version":[{"id":10669,"href":"https:\/\/hormigaradio.com\/index.php?rest_route=\/wp\/v2\/posts\/10665\/revisions\/10669"}],"wp:featuredmedia":[{"embeddable":true,"href":"https:\/\/hormigaradio.com\/index.php?rest_route=\/wp\/v2\/media\/10666"}],"wp:attachment":[{"href":"https:\/\/hormigaradio.com\/index.php?rest_route=%2Fwp%2Fv2%2Fmedia&parent=10665"}],"wp:term":[{"taxonomy":"category","embeddable":true,"href":"https:\/\/hormigaradio.com\/index.php?rest_route=%2Fwp%2Fv2%2Fcategories&post=10665"},{"taxonomy":"post_tag","embeddable":true,"href":"https:\/\/hormigaradio.com\/index.php?rest_route=%2Fwp%2Fv2%2Ftags&post=10665"}],"curies":[{"name":"wp","href":"https:\/\/api.w.org\/{rel}","templated":true}]}}