{"id":10707,"date":"2020-08-17T18:54:08","date_gmt":"2020-08-17T18:54:08","guid":{"rendered":"http:\/\/hormigaradio.com\/?p=10707"},"modified":"2020-08-17T18:54:08","modified_gmt":"2020-08-17T18:54:08","slug":"sin-cruce-de-miradas-ni-sonrisas-jean-alain-recoge-trapitos-y-entrega-pgr-a-miriam-german","status":"publish","type":"post","link":"https:\/\/hormigaradio.com\/?p=10707","title":{"rendered":"SIN CRUCE DE MIRADAS NI SONRISAS, JEAN ALAIN RECOGE TRAPITOS Y ENTREGA PGR A MIRIAM GERM\u00c1N"},"content":{"rendered":"<p>Por\u00a0<a class=\"text-font font-700\" href=\"https:\/\/acento.com.do\/autor\/index.html?user_slug=nespejo\">NICOLE ESPEJO<\/a><\/p>\n<p class=\"2\">SANTO DOMINGO, Rep\u00fablica Dominicana. \u2013 \u201cCarpeta entregada a la procuradora general de la Rep\u00fablica Miriam Germ\u00e1n por parte del ex procurador general Jean Rodr\u00edguez\u201d, dice el documento que Jean Alain Rodr\u00edguez entreg\u00f3 la ma\u00f1ana de este lunes a la magistrada que, despu\u00e9s de haber atacada por \u00e9ste de manera personal, ahora le sucede en el puesto.<\/p>\n<p class=\"2\">El ambiente del despacho y el lenguaje corporal de los presentes al momento de la entrega del cargo fueron tensos. No hubo cruce de miradas, al menos mientras la prensa tuvo acceso. Nada de sonrisas, apretones de manos ni mucho menos afectos.<\/p>\n<picture class=\"image\"><img loading=\"lazy\" src=\"https:\/\/acento.com.do\/media\/storage02\/uploads\/2020\/08\/Miriam-Germ%C3%A1n-toma-posesi%C3%B3n-de-la-Procuradur%C3%ADa-General-de-la-Rep%C3%BAblica-6-1.jpg\" alt=\" Fecha 17\/08\/2020&lt;br \" width=\"2992\" height=\"2000\" \/>Fecha 17\/08\/2020&lt;br&lt; figcaption=&#8221;&#8221;&gt;<\/picture>\n<p class=\"2\">A Germ\u00e1n la acompa\u00f1\u00f3 Yeni Berenice Reynoso, procuradora adjunta.<\/p>\n<p class=\"2\">El hecho de que a su llegada a la Procuradur\u00eda General de la Rep\u00fablica (PGR), Germ\u00e1n aclar\u00f3 que \u201cyo no vengo a este cargo a cobrarle nada a nadie, que la fijaci\u00f3n principal m\u00eda es la justicia, pero una justicia sin retaliaciones, sin viejas venganzas y nada de eso\u201d; su idea de accionar no elimina de la historia el momento en que Rodr\u00edguez protagoniz\u00f3, junto al hoy ex presidente Danilo Medina, la puesta en rid\u00edculo de su persona cuando en marzo del 2019 particip\u00f3 en la evaluaci\u00f3n p\u00fablica para que la ratificaran en la alta corte.<\/p>\n<p class=\"2\">Previo a la reuni\u00f3n en el despacho, Germ\u00e1n se\u00f1al\u00f3 a los periodistas que no puede dar adelantos de los planes de la PGR con relaci\u00f3n al caso de corrupci\u00f3n Odebrecht, ya que fue este domingo que se jurament\u00f3 en el cargo. \u201cNadie puede hablar de planes sin uno haber presidido las cosas\u201d, dijo.<\/p>\n<picture class=\"image\"><img loading=\"lazy\" src=\"https:\/\/acento.com.do\/media\/storage02\/uploads\/2020\/08\/Miriam-Germ%C3%A1n-toma-posesi%C3%B3n-de-la-Procuradur%C3%ADa-General-de-la-Rep%C3%BAblica-37.jpg\" alt=\" Fecha 17\/08\/2020&lt;br \" width=\"2992\" height=\"2000\" \/><\/picture>\n<div class=\"videocontainer\">\n<div id=\"video12\" class=\"video-js vjs-default-skin vjs-paused vjs-controls-enabled vjs-workinghover vjs-v6 vjs-youtube video12-dimensions vjs-user-inactive\" lang=\"es-es\" role=\"region\" data-path=\"qe7cz5nWKEQ\" data-vjsplayer=\"\" aria-label=\"Video Player\"><\/div>\n<\/div>\n<p>&nbsp;<\/p>\n<p>&nbsp;<\/p>\n<p>Impactos: 86<\/p>","protected":false},"excerpt":{"rendered":"<p>Por\u00a0NICOLE ESPEJO SANTO DOMINGO, Rep\u00fablica Dominicana. \u2013 \u201cCarpeta entregada a la procuradora general de la Rep\u00fablica Miriam Germ\u00e1n por parte del ex procurador general<\/p>\n","protected":false},"author":3,"featured_media":10708,"comment_status":"open","ping_status":"closed","sticky":false,"template":"","format":"standard","meta":[],"categories":[3],"tags":[],"_links":{"self":[{"href":"https:\/\/hormigaradio.com\/index.php?rest_route=\/wp\/v2\/posts\/10707"}],"collection":[{"href":"https:\/\/hormigaradio.com\/index.php?rest_route=\/wp\/v2\/posts"}],"about":[{"href":"https:\/\/hormigaradio.com\/index.php?rest_route=\/wp\/v2\/types\/post"}],"author":[{"embeddable":true,"href":"https:\/\/hormigaradio.com\/index.php?rest_route=\/wp\/v2\/users\/3"}],"replies":[{"embeddable":true,"href":"https:\/\/hormigaradio.com\/index.php?rest_route=%2Fwp%2Fv2%2Fcomments&post=10707"}],"version-history":[{"count":1,"href":"https:\/\/hormigaradio.com\/index.php?rest_route=\/wp\/v2\/posts\/10707\/revisions"}],"predecessor-version":[{"id":10709,"href":"https:\/\/hormigaradio.com\/index.php?rest_route=\/wp\/v2\/posts\/10707\/revisions\/10709"}],"wp:featuredmedia":[{"embeddable":true,"href":"https:\/\/hormigaradio.com\/index.php?rest_route=\/wp\/v2\/media\/10708"}],"wp:attachment":[{"href":"https:\/\/hormigaradio.com\/index.php?rest_route=%2Fwp%2Fv2%2Fmedia&parent=10707"}],"wp:term":[{"taxonomy":"category","embeddable":true,"href":"https:\/\/hormigaradio.com\/index.php?rest_route=%2Fwp%2Fv2%2Fcategories&post=10707"},{"taxonomy":"post_tag","embeddable":true,"href":"https:\/\/hormigaradio.com\/index.php?rest_route=%2Fwp%2Fv2%2Ftags&post=10707"}],"curies":[{"name":"wp","href":"https:\/\/api.w.org\/{rel}","templated":true}]}}