{"id":10710,"date":"2020-08-17T22:45:12","date_gmt":"2020-08-17T22:45:12","guid":{"rendered":"http:\/\/hormigaradio.com\/?p=10710"},"modified":"2020-08-17T23:56:24","modified_gmt":"2020-08-17T23:56:24","slug":"un-discurso-esperanzador-pero-sabemos-que-hay-diferencia-entre-el-decir-y-el-hacer-videos","status":"publish","type":"post","link":"https:\/\/hormigaradio.com\/?p=10710","title":{"rendered":"&#8220;UN DISCURSO ESPERANZADOR, PERO SABEMOS QUE HAY DIFERENCIA ENTRE EL DECIR Y EL HACER&#8221; (v\u00eddeos)"},"content":{"rendered":"<p>Por\u00a0<a class=\"text-font font-700\" href=\"https:\/\/acento.com.do\/autor\/index.html?user_slug=mlaureano\">M\u00c1XIMO LAUREANO<\/a><\/p>\n<p class=\"2\">SANTO DOMINGO, Rep\u00fablica Dominicana.-Voces del sector empresarial de Santiago activistas sociales y profesionales han valorado como esperanzador el discurso y los anuncios del presidente de la Rep\u00fablica, Luis Abinader, tras su juramentaci\u00f3n en la Asamblea Nacional, este domingo 16 de agosto del 2020.<\/p>\n<p class=\"2\">\u201cNos parece que ha sido un discurso bien coordinado, cargado de optimismo, adem\u00e1s de que est\u00e1 conciente de la realidad que vive el pa\u00eds, es un discurso cargado de positivismo y esperanzador, para la poblaci\u00f3n\u201d, expres\u00f3 Raquel Rivera, activista social, representante del Movimiento Feminista Hermanas Mirabal.<\/p>\n<div class=\"videocontainer\">\n<div id=\"video4\" class=\"video-js vjs-default-skin vjs-paused vjs-controls-enabled vjs-workinghover vjs-v6 vjs-youtube video4-dimensions vjs-user-inactive\" lang=\"es-es\" role=\"region\" data-path=\"xxB66EJTM0I\" data-vjsplayer=\"\" aria-label=\"Video Player\">\n<div>\n<p><iframe loading=\"lazy\" id=\"video4_Youtube_api\" class=\"vjs-tech\" title=\"YouTube video player\" src=\"https:\/\/www.youtube.com\/embed\/xxB66EJTM0I?controls=0&amp;modestbranding=1&amp;rel=0&amp;showinfo=0&amp;loop=0&amp;fs=0&amp;hl=es&amp;enablejsapi=1&amp;origin=https%3A%2F%2Facento.com.do&amp;widgetid=1\" width=\"640\" height=\"360\" frameborder=\"0\" allowfullscreen=\"allowfullscreen\" data-mce-fragment=\"1\"><\/iframe><\/p>\n<div class=\"vjs-iframe-blocker\"><\/div>\n<\/div>\n<div class=\"vjs-poster\" tabindex=\"-1\" aria-disabled=\"false\"><\/div>\n<div class=\"vjs-text-track-display\" aria-live=\"off\" aria-atomic=\"true\"><\/div>\n<p>&nbsp;<\/p>\n<\/div>\n<\/div>\n<p class=\"2\">\u201cEstamos conscientes de que muchas veces hay una diferencia muy grande entre el decir y el hacer. Nosotras y nosotros, esperamos que el presidente Luis Abinader, sea coherente con el discurso que ha pronunciado\u201d, consider\u00f3 Rivera.<\/p>\n<p class=\"2\">En relaci\u00f3n a los anuncios del reci\u00e9n posesionado mandatario, han opinado representativos del sector de las empresas de zonas francas en Santiago, quienes adem\u00e1s de calificar el discurso como motivador, han llamado a la unidad para encarar la situaci\u00f3n del pa\u00eds por los efectos de la pandemia.<\/p>\n<p class=\"2\">\u201cEstamos muy contentos y optimistas con los anuncios y cambios realizados, los ciudadanos, estamos comprometidos y confiados en que ser\u00e1n para bien de todo el pa\u00eds. Auguramos muchos \u00e9xitos a todas las autoridades\u201d, dijo Miguel A. Lama Rodr\u00edguez, presidente de la Corporaci\u00f3n de Zona Franca de Santiago.<\/p>\n<p class=\"2\">\u201cHoy es un d\u00eda muy especial,fiesta democr\u00e1tica.Pedir a Dios ilumine integrantes del nuevo gobierno, a los dominicanos de buena voluntad y los ponga a trabajar unidos para enfrentar los enormes retos y aprovechar las oportunidades nos traen las crisis.Vamos a salir adelante, podemos&#8221;, escribi\u00f3 en su cuenta de Twitter el empresario Fernando Capell\u00e1n, representante del Grupo M y la Asociaci\u00f3n para el Desarrollo de Santiago.<\/p>\n<p class=\"2\">\u201cCreemos que la extensi\u00f3n hasta diciembre de los programas de ayuda, da un alivio y apoyo para que el sector pueda continuar la reactivaci\u00f3n gradual que ha venido llevando desde que inici\u00f3 la pandemia. Pero tal como expres\u00f3 el presidente, es necesario tambi\u00e9n trabajar en una estrategia robusta de atracci\u00f3n de nuevas inversiones para seguir estimulando el crecimiento del mismo\u201d, es el punto de vista de Luis Jos\u00e9 Bonilla Bojos, de la Asociaci\u00f3n de Zonas Francas.<\/p>\n<p class=\"2\">\u201cLos m\u00e9dicos nos sentimos esperanzados por el discurso de toma de posesi\u00f3n del presidente, por resaltar en primera intenci\u00f3n el sector salud, por enaltecer el trabajo que ha venido realizando el personal sanitario\u201d, consider\u00f3 por su parte la doctora Felia Rodr\u00edguez.<\/p>\n<p class=\"2\">La profesional de la medicina resalt\u00f3 como trascendente que se destaque el compromiso de priorizar de manera inmediata medidas para controlar la pandemia y tomar acciones tanto en la inclusi\u00f3n al sistema dominicano de Seguridad Social.<\/p>\n<div class=\"videocontainer\">\n<div id=\"video19\" class=\"video-js vjs-default-skin vjs-paused vjs-controls-enabled vjs-workinghover vjs-v6 vjs-youtube video19-dimensions vjs-user-inactive\" lang=\"es-es\" role=\"region\" data-path=\"_z-1TkolF8Q\" data-vjsplayer=\"\" aria-label=\"Video Player\">\n<div>\n<p><iframe loading=\"lazy\" id=\"video19_Youtube_api\" class=\"vjs-tech\" title=\"YouTube video player\" src=\"https:\/\/www.youtube.com\/embed\/_z-1TkolF8Q?controls=0&amp;modestbranding=1&amp;rel=0&amp;showinfo=0&amp;loop=0&amp;fs=0&amp;hl=es&amp;enablejsapi=1&amp;origin=https%3A%2F%2Facento.com.do&amp;widgetid=2\" width=\"640\" height=\"360\" frameborder=\"0\" allowfullscreen=\"allowfullscreen\" data-mce-fragment=\"1\"><\/iframe><\/p>\n<div class=\"vjs-iframe-blocker\"><\/div>\n<\/div>\n<div class=\"vjs-poster\" tabindex=\"-1\" aria-disabled=\"false\"><\/div>\n<div class=\"vjs-text-track-display\" aria-live=\"off\" aria-atomic=\"true\"><\/div>\n<p>&nbsp;<\/p>\n<\/div>\n<\/div>\n<p class=\"2\">\u201cSe trata de un excelente discurso, que pone en primer orden los compromisos asumidos con la institucionalidad, la justicia, con la prioridad de la salud de los dominicanos, la educaci\u00f3n. Es evidente que es esperanzador y motiva a los ciudadanos a dar seguimiento a estos compromisos y que todos juntos veamos los cambios, en la Rep\u00fablica Dominicana\u201d , asegur\u00f3 Mario Arturo Fern\u00e1ndez, activista social de Santiago Somos Todos (SST).<\/p>\n<p class=\"2\">El abogado agreg\u00f3 que tiene mucho valor que el presidente haya asumido como un compromiso el no borr\u00f3n y cuenta nueva y aquello que se dijo antes de no tirar piedra hac\u00eda atr\u00e1s.<\/p>\n<p>Impactos: 2109<\/p>","protected":false},"excerpt":{"rendered":"<p>Por\u00a0M\u00c1XIMO LAUREANO SANTO DOMINGO, Rep\u00fablica Dominicana.-Voces del sector empresarial de Santiago activistas sociales y profesionales han valorado como esperanzador el discurso y los anuncios<\/p>\n","protected":false},"author":3,"featured_media":10688,"comment_status":"open","ping_status":"closed","sticky":false,"template":"","format":"standard","meta":[],"categories":[6],"tags":[],"_links":{"self":[{"href":"https:\/\/hormigaradio.com\/index.php?rest_route=\/wp\/v2\/posts\/10710"}],"collection":[{"href":"https:\/\/hormigaradio.com\/index.php?rest_route=\/wp\/v2\/posts"}],"about":[{"href":"https:\/\/hormigaradio.com\/index.php?rest_route=\/wp\/v2\/types\/post"}],"author":[{"embeddable":true,"href":"https:\/\/hormigaradio.com\/index.php?rest_route=\/wp\/v2\/users\/3"}],"replies":[{"embeddable":true,"href":"https:\/\/hormigaradio.com\/index.php?rest_route=%2Fwp%2Fv2%2Fcomments&post=10710"}],"version-history":[{"count":3,"href":"https:\/\/hormigaradio.com\/index.php?rest_route=\/wp\/v2\/posts\/10710\/revisions"}],"predecessor-version":[{"id":10713,"href":"https:\/\/hormigaradio.com\/index.php?rest_route=\/wp\/v2\/posts\/10710\/revisions\/10713"}],"wp:featuredmedia":[{"embeddable":true,"href":"https:\/\/hormigaradio.com\/index.php?rest_route=\/wp\/v2\/media\/10688"}],"wp:attachment":[{"href":"https:\/\/hormigaradio.com\/index.php?rest_route=%2Fwp%2Fv2%2Fmedia&parent=10710"}],"wp:term":[{"taxonomy":"category","embeddable":true,"href":"https:\/\/hormigaradio.com\/index.php?rest_route=%2Fwp%2Fv2%2Fcategories&post=10710"},{"taxonomy":"post_tag","embeddable":true,"href":"https:\/\/hormigaradio.com\/index.php?rest_route=%2Fwp%2Fv2%2Ftags&post=10710"}],"curies":[{"name":"wp","href":"https:\/\/api.w.org\/{rel}","templated":true}]}}