{"id":10724,"date":"2020-08-18T15:49:40","date_gmt":"2020-08-18T15:49:40","guid":{"rendered":"http:\/\/hormigaradio.com\/?p=10724"},"modified":"2020-08-18T15:49:40","modified_gmt":"2020-08-18T15:49:40","slug":"esposa-de-abinader-participara-hoy-en-un-debate-internacional","status":"publish","type":"post","link":"https:\/\/hormigaradio.com\/?p=10724","title":{"rendered":"ESPOSA DE ABINADER PARTICIPAR\u00c1 HOY EN UN DEBATE INTERNACIONAL"},"content":{"rendered":"<p align=\"justify\"><span style=\"font-family: Fira Sans, sans-serif;\"><a href=\"http:\/\/hormigaradio.com\/?attachment_id=10728\" rel=\"attachment wp-att-10728\"><img loading=\"lazy\" class=\"alignleft size-full wp-image-10728\" src=\"http:\/\/hormigaradio.com\/wp-content\/uploads\/2020\/08\/raquel.jpg\" alt=\"\" width=\"225\" height=\"225\" srcset=\"https:\/\/hormigaradio.com\/wp-content\/uploads\/2020\/08\/raquel.jpg 225w, https:\/\/hormigaradio.com\/wp-content\/uploads\/2020\/08\/raquel-150x150.jpg 150w, https:\/\/hormigaradio.com\/wp-content\/uploads\/2020\/08\/raquel-215x215.jpg 215w\" sizes=\"(max-width: 225px) 100vw, 225px\" \/><\/a><\/span><\/p>\n<p align=\"justify\"><a class=\"text-font font-700\" href=\"https:\/\/acento.com.do\/autor\/index.html?user_slug=servicios\">SERVICIOS DE ACENTO.COM.DO<\/a><\/p>\n<p align=\"justify\"><span style=\"font-family: Fira Sans, sans-serif;\">SANTO DOMINGO, Rep\u00fablica Dominicana.- La primera dama, Raquel Arbaje, esposa del presidente, Luis Abinader, figura entre las participantes en una actividad de la FAO sobre planes de reactivaci\u00f3n ante la pandemia que se celebrar\u00e1 el mediod\u00eda de este martes.<\/span><\/p>\n<p align=\"justify\"><span style=\"font-family: Fira Sans, sans-serif;\">Se trata de una conferencia virtual convocada con la finalidad de buscar f\u00f3rmulas para que las mujeres del campo &#8220;sean protagonistas de los planes de reactivaci\u00f3n ante la pandemia&#8221;, revel\u00f3 una comunicaci\u00f3n de la oficina regional de la Organizaci\u00f3n de las Naciones Unidas para la Agricultura y la Alimentaci\u00f3n (FAO).<\/span><\/p>\n<p align=\"justify\"><span style=\"font-family: Fira Sans, sans-serif;\">Es una actividad de la Alianza de C\u00f3nyuges de Jefes de Estado y Representantes de Am\u00e9rica Latina y el Caribe, ministros de Estado y la FAO &#8220;para poner a las mujeres rurales en el centro de la respuesta regional a la pandemia&#8221;, se insiste en el texto del organismo mutilateral.<\/span><\/p>\n<p align=\"justify\"><span style=\"font-family: Fira Sans, sans-serif;\">Est\u00e1 prevista la participaci\u00f3n de\u00a0las primeras damas de Rep\u00fablica Dominicana, Argentina, Brasil, Chile, Brasil, Ecuador, Honduras, Paraguay y Panam\u00e1, del ministro de Agricultura de Ecuador, la ministra de Desarrollo Social de Panam\u00e1, el secretario de Estado en los Despachos de Agricultura y Ganader\u00eda de Honduras, la presidenta de INTA Argentina y el representante regional de la FAO.<\/span><\/p>\n<p align=\"justify\"><span style=\"font-family: Fira Sans, sans-serif;\">El encuentro que comenzar\u00e1 al mediod\u00eda con conexiones desde Santiago de Chile, sede de la FAO para Am\u00e9rica, forma parte de la quinta edici\u00f3n de la\u00a0Campa\u00f1a #Mujeres rurales, mujeres con derechos.<\/span><\/p>\n<p align=\"justify\"><span style=\"font-family: Fira Sans, sans-serif;\">El encuentro, que ser\u00e1\u00a0moderado por Alejandra Safa, del equipo de G\u00e9nero de la FAO, tambi\u00e9n contar\u00e1 con la participaci\u00f3n de Susana Mirassou, presidenta del Instituto Nacional de Tecnolog\u00eda Agropecuaria (INTA) de Argentina, y del representante regional de la FAO, Julio Berdegu\u00e9.<\/span><\/p>\n<p><span style=\"font-family: Fira Sans, sans-serif;\">Se podr\u00e1 acceder al mediod\u00eda directamente a la conferencia en la web de FAO haciendo clic\u00a0<\/span><span style=\"font-family: Fira Sans, sans-serif;\"><a href=\"http:\/\/www.fao.org\/americas\/publicaciones-audio-video\/transmisionesenvivo\/es\/\">aqu\u00ed<\/a><\/span><span style=\"font-family: Fira Sans, sans-serif;\">.<\/span><\/p>\n<div id=\"video14\" dir=\"ltr\">\n<div id=\"video14_Youtube_api\" dir=\"ltr\"><\/div>\n<\/div>\n<p><span style=\"font-family: Fira Sans, sans-serif;\">\u00b7\u00a0 Fabiola Y\u00e1\u00f1ez, Primera Dama de Argentina<\/span><\/p>\n<p><span style=\"font-family: Fira Sans, sans-serif;\">\u00b7\u00a0 Michelle Bolsonaro, Primera Dama de Brasil<\/span><\/p>\n<p><span style=\"font-family: Fira Sans, sans-serif;\">\u00b7\u00a0 Cecilia Morel, Primera Dama de Chile<\/span><\/p>\n<p><span style=\"font-family: Fira Sans, sans-serif;\">\u00b7\u00a0 Roc\u00edo Gonz\u00e1lez, Primera Dama del Ecuador<\/span><\/p>\n<p><span style=\"font-family: Fira Sans, sans-serif;\">\u00b7\u00a0 Ana Garc\u00eda de Hern\u00e1ndez, Primera Dama de Honduras<\/span><\/p>\n<p><span style=\"font-family: Fira Sans, sans-serif;\">\u00b7\u00a0 Paula Silvana Abdo, Primera Dama de Paraguay<\/span><\/p>\n<p><span style=\"font-family: Fira Sans, sans-serif;\">\u00b7\u00a0 Yazm\u00edn Col\u00f3n de Cortizo, Primera Dama de Panam\u00e1<\/span><\/p>\n<p><span style=\"font-family: Fira Sans, sans-serif;\">\u00b7\u00a0 Raquel Arbaje, Primera Dama de Rep\u00fablica Dominicana<\/span><\/p>\n<p><span style=\"font-family: Fira Sans, sans-serif;\">\u00b7\u00a0 Xavier Lazo Guerrero, Ministro de Agricultura y Ganader\u00eda de Ecuador<\/span><\/p>\n<p><span style=\"font-family: Fira Sans, sans-serif;\">\u00b7\u00a0 Mar\u00eda In\u00e9s Castillo, Ministra de Desarrollo Social de Panam\u00e1<\/span><\/p>\n<p><span style=\"font-family: Fira Sans, sans-serif;\">\u00b7\u00a0 Mauricio Guevara, Secretario de Estado en los Despachos de Agricultura y Ganader\u00eda (SAG) de Honduras<\/span><\/p>\n<p><span style=\"font-family: Fira Sans, sans-serif;\">\u00b7\u00a0 Susana Mirassou, presidenta del Instituto Nacional de Tecnolog\u00eda Agropecuaria de Argentina (INTA)<\/span><\/p>\n<p><span style=\"font-family: Fira Sans, sans-serif;\">\u00b7\u00a0 Representante Regional de la FAO, Julio Berdegu\u00e9.<\/span><\/p>\n<p><span style=\"font-family: Fira Sans, sans-serif;\">\u00b7\u00a0 Paola Diez, Directora Nacional Fundaci\u00f3n Promoci\u00f3n y Desarrollo de la Mujer (PRODEMU).<\/span><\/p>\n<p>Impactos: 1205<\/p>","protected":false},"excerpt":{"rendered":"<p>SERVICIOS DE ACENTO.COM.DO SANTO DOMINGO, Rep\u00fablica Dominicana.- La primera dama, Raquel Arbaje, esposa del presidente, Luis Abinader, figura entre las participantes en una actividad<\/p>\n","protected":false},"author":3,"featured_media":10728,"comment_status":"open","ping_status":"closed","sticky":false,"template":"","format":"standard","meta":[],"categories":[6],"tags":[],"_links":{"self":[{"href":"https:\/\/hormigaradio.com\/index.php?rest_route=\/wp\/v2\/posts\/10724"}],"collection":[{"href":"https:\/\/hormigaradio.com\/index.php?rest_route=\/wp\/v2\/posts"}],"about":[{"href":"https:\/\/hormigaradio.com\/index.php?rest_route=\/wp\/v2\/types\/post"}],"author":[{"embeddable":true,"href":"https:\/\/hormigaradio.com\/index.php?rest_route=\/wp\/v2\/users\/3"}],"replies":[{"embeddable":true,"href":"https:\/\/hormigaradio.com\/index.php?rest_route=%2Fwp%2Fv2%2Fcomments&post=10724"}],"version-history":[{"count":1,"href":"https:\/\/hormigaradio.com\/index.php?rest_route=\/wp\/v2\/posts\/10724\/revisions"}],"predecessor-version":[{"id":10729,"href":"https:\/\/hormigaradio.com\/index.php?rest_route=\/wp\/v2\/posts\/10724\/revisions\/10729"}],"wp:featuredmedia":[{"embeddable":true,"href":"https:\/\/hormigaradio.com\/index.php?rest_route=\/wp\/v2\/media\/10728"}],"wp:attachment":[{"href":"https:\/\/hormigaradio.com\/index.php?rest_route=%2Fwp%2Fv2%2Fmedia&parent=10724"}],"wp:term":[{"taxonomy":"category","embeddable":true,"href":"https:\/\/hormigaradio.com\/index.php?rest_route=%2Fwp%2Fv2%2Fcategories&post=10724"},{"taxonomy":"post_tag","embeddable":true,"href":"https:\/\/hormigaradio.com\/index.php?rest_route=%2Fwp%2Fv2%2Ftags&post=10724"}],"curies":[{"name":"wp","href":"https:\/\/api.w.org\/{rel}","templated":true}]}}