{"id":10770,"date":"2020-08-21T01:31:26","date_gmt":"2020-08-21T01:31:26","guid":{"rendered":"http:\/\/hormigaradio.com\/?p=10770"},"modified":"2020-08-21T02:01:56","modified_gmt":"2020-08-21T02:01:56","slug":"adios-al-despecho-de-la-primera-demas-funciones-caid-van-al-ministerio-de-salud","status":"publish","type":"post","link":"https:\/\/hormigaradio.com\/?p=10770","title":{"rendered":"ADIOS AL DESPECHO DE LA PRIMERA DEMAS, FUNCIONES CAID VAN AL MINISTERIO DE SALUD"},"content":{"rendered":"<p>Por\u00a0<a class=\"text-font font-700\" href=\"https:\/\/acento.com.do\/autor\/index.html?user_slug=servicios\">SERVICIOS DE ACENTO.COM.DO<\/a><\/p>\n<p>&nbsp;<\/p>\n<p class=\"2\">SANTO DOMINGO, Rep\u00fablica Dominicana.- El presidente Luis Abinader disolvi\u00f3, mediante el decreto 368-20, el Despacho de la Primera Dama.<\/p>\n<p class=\"2\">La disposici\u00f3n presidencial tambi\u00e9n transfiere el Centro de Atenci\u00f3n Integral para la Discapacidad (CAID) al Ministerio de Salud P\u00fablica, quedando sus funciones, atribuciones y direcci\u00f3n a cargo de un consejo integrado por representantes del gobierno y de la sociedad civil, designados por el Presidente de la Rep\u00fablica y quienes ejercer\u00e1n su funci\u00f3n de manera honor\u00edfica.<\/p>\n<p class=\"2\">Tambi\u00e9n, crea la Comisi\u00f3n Evaluadora de los diferentes programas del Despacho de la Primera Dama, la cual ser\u00e1 designada por el Ministerio de la Presidencia, quien la coordina, y cuya funci\u00f3n ser\u00e1 la evaluaci\u00f3n y reasignaci\u00f3n de todos los programas y servicios administrados por dicho despacho a instituciones afines a sus objetivos.<\/p>\n<p class=\"2\">Conforme a la normativa vigente, en relaci\u00f3n al presupuesto, ingreso y gasto p\u00fablico, la comisi\u00f3n de evaluaci\u00f3n determinar\u00e1 la redistribuci\u00f3n de los montos que resulten de la eliminaci\u00f3n, sustituci\u00f3n y reasignaci\u00f3n de los programas y servicios que ofrec\u00eda dicho ente, los cuales ser\u00e1n destinados al sistema de salud p\u00fablica y a las organizaciones no gubernamentales dedicadas a objetivos afines a dichos programas y servicios.<\/p>\n<p class=\"2\">Asimismo, la disposici\u00f3n del Poder Ejecutivo, deroga el decreto 741-00, de fecha 10 de septiembre de 2000, y las normas que lo desarrollen y complementen<\/p>\n<p>Impactos: 85<\/p>","protected":false},"excerpt":{"rendered":"<p>Por\u00a0SERVICIOS DE ACENTO.COM.DO &nbsp; SANTO DOMINGO, Rep\u00fablica Dominicana.- El presidente Luis Abinader disolvi\u00f3, mediante el decreto 368-20, el Despacho de la Primera Dama. La<\/p>\n","protected":false},"author":3,"featured_media":10683,"comment_status":"open","ping_status":"closed","sticky":false,"template":"","format":"standard","meta":[],"categories":[3],"tags":[],"_links":{"self":[{"href":"https:\/\/hormigaradio.com\/index.php?rest_route=\/wp\/v2\/posts\/10770"}],"collection":[{"href":"https:\/\/hormigaradio.com\/index.php?rest_route=\/wp\/v2\/posts"}],"about":[{"href":"https:\/\/hormigaradio.com\/index.php?rest_route=\/wp\/v2\/types\/post"}],"author":[{"embeddable":true,"href":"https:\/\/hormigaradio.com\/index.php?rest_route=\/wp\/v2\/users\/3"}],"replies":[{"embeddable":true,"href":"https:\/\/hormigaradio.com\/index.php?rest_route=%2Fwp%2Fv2%2Fcomments&post=10770"}],"version-history":[{"count":1,"href":"https:\/\/hormigaradio.com\/index.php?rest_route=\/wp\/v2\/posts\/10770\/revisions"}],"predecessor-version":[{"id":10771,"href":"https:\/\/hormigaradio.com\/index.php?rest_route=\/wp\/v2\/posts\/10770\/revisions\/10771"}],"wp:featuredmedia":[{"embeddable":true,"href":"https:\/\/hormigaradio.com\/index.php?rest_route=\/wp\/v2\/media\/10683"}],"wp:attachment":[{"href":"https:\/\/hormigaradio.com\/index.php?rest_route=%2Fwp%2Fv2%2Fmedia&parent=10770"}],"wp:term":[{"taxonomy":"category","embeddable":true,"href":"https:\/\/hormigaradio.com\/index.php?rest_route=%2Fwp%2Fv2%2Fcategories&post=10770"},{"taxonomy":"post_tag","embeddable":true,"href":"https:\/\/hormigaradio.com\/index.php?rest_route=%2Fwp%2Fv2%2Ftags&post=10770"}],"curies":[{"name":"wp","href":"https:\/\/api.w.org\/{rel}","templated":true}]}}