{"id":10774,"date":"2020-08-21T14:43:48","date_gmt":"2020-08-21T14:43:48","guid":{"rendered":"http:\/\/hormigaradio.com\/?p=10774"},"modified":"2020-08-21T14:52:16","modified_gmt":"2020-08-21T14:52:16","slug":"juan-manuel-mendez-seguira-en-el-coe-pero-sin-cobrar","status":"publish","type":"post","link":"https:\/\/hormigaradio.com\/?p=10774","title":{"rendered":"JUAN MANUEL MENDEZ SEGUIR\u00c1 EN EL COE, PERO SIN COBRAR"},"content":{"rendered":"<p>Por\u00a0<a class=\"text-font font-700\" href=\"https:\/\/acento.com.do\/autor\/index.html?user_slug=servicios\">SERVICIOS DE ACENTO.COM.DO<\/a><\/p>\n<p class=\"2\">SANTO DOMINGO, Rep\u00fablica Dominicana.- El general Juan Manuel M\u00e9ndez fue ratificado por el presidente Luis Abinader, para continuar al frente del Centro de Operaciones de Emergencias (COE).<\/p>\n<p class=\"2\">M\u00e9ndez inform\u00f3 que su \u00fanica condici\u00f3n para\u00a0 quedarse y brindar sus servicios es la de no devengar un salario mensual, sino los recursos de su pensi\u00f3n como general retirado. El expresidente Danilo Medina orden\u00f3 su retiro d\u00edas antes de concluir su gesti\u00f3n.<\/p>\n<p class=\"2\">\u201cEl se\u00f1or presidente me pidi\u00f3 que le acompa\u00f1ara y continuara trabajando y yo le dije: soy un soldado y estoy a su disposici\u00f3n para servir con humildad y entereza al pa\u00eds\u201d, dijo.<\/p>\n<p class=\"2\">M\u00e9ndez, quien es egresado de la Universidad Aut\u00f3noma de Santo Domingo con un postgrado en Derecho Civil, se mantuvo al servicio del COE por 14 a\u00f1os y fue ascendido a mayor general del Ej\u00e9rcito de la Rep\u00fablica Dominicana por el expresidente Danilo Medina, mediante el decreto 320-20.<\/p>\n<p class=\"2\">Fue colocado\u00a0honrosa situaci\u00f3n de retiro, luego de haber servido de manera ininterrumpida desde 1986<\/p>\n<p>Impactos: 240<\/p>","protected":false},"excerpt":{"rendered":"<p>Por\u00a0SERVICIOS DE ACENTO.COM.DO SANTO DOMINGO, Rep\u00fablica Dominicana.- El general Juan Manuel M\u00e9ndez fue ratificado por el presidente Luis Abinader, para continuar al frente del<\/p>\n","protected":false},"author":3,"featured_media":10775,"comment_status":"open","ping_status":"closed","sticky":false,"template":"","format":"standard","meta":[],"categories":[3],"tags":[],"_links":{"self":[{"href":"https:\/\/hormigaradio.com\/index.php?rest_route=\/wp\/v2\/posts\/10774"}],"collection":[{"href":"https:\/\/hormigaradio.com\/index.php?rest_route=\/wp\/v2\/posts"}],"about":[{"href":"https:\/\/hormigaradio.com\/index.php?rest_route=\/wp\/v2\/types\/post"}],"author":[{"embeddable":true,"href":"https:\/\/hormigaradio.com\/index.php?rest_route=\/wp\/v2\/users\/3"}],"replies":[{"embeddable":true,"href":"https:\/\/hormigaradio.com\/index.php?rest_route=%2Fwp%2Fv2%2Fcomments&post=10774"}],"version-history":[{"count":2,"href":"https:\/\/hormigaradio.com\/index.php?rest_route=\/wp\/v2\/posts\/10774\/revisions"}],"predecessor-version":[{"id":10777,"href":"https:\/\/hormigaradio.com\/index.php?rest_route=\/wp\/v2\/posts\/10774\/revisions\/10777"}],"wp:featuredmedia":[{"embeddable":true,"href":"https:\/\/hormigaradio.com\/index.php?rest_route=\/wp\/v2\/media\/10775"}],"wp:attachment":[{"href":"https:\/\/hormigaradio.com\/index.php?rest_route=%2Fwp%2Fv2%2Fmedia&parent=10774"}],"wp:term":[{"taxonomy":"category","embeddable":true,"href":"https:\/\/hormigaradio.com\/index.php?rest_route=%2Fwp%2Fv2%2Fcategories&post=10774"},{"taxonomy":"post_tag","embeddable":true,"href":"https:\/\/hormigaradio.com\/index.php?rest_route=%2Fwp%2Fv2%2Ftags&post=10774"}],"curies":[{"name":"wp","href":"https:\/\/api.w.org\/{rel}","templated":true}]}}