{"id":10778,"date":"2020-08-21T18:44:48","date_gmt":"2020-08-21T18:44:48","guid":{"rendered":"http:\/\/hormigaradio.com\/?p=10778"},"modified":"2020-08-21T18:46:22","modified_gmt":"2020-08-21T18:46:22","slug":"nueva-gobernadora-santiago-advierte-companeritos-gobernacion-es-de-todos-los-partidos-videos","status":"publish","type":"post","link":"https:\/\/hormigaradio.com\/?p=10778","title":{"rendered":"NUEVA GOBERNADORA SANTIAGO ADVIERTE \u201cCOMPA\u00d1ERITOS\u201d GOBERNACI\u00d3N ES DE TODOS LOS PARTIDOS (v\u00eddeos)"},"content":{"rendered":"<div class=\"article-body-content\">\n<p>Por\u00a0<a class=\"text-font font-700\" href=\"https:\/\/acento.com.do\/autor\/index.html?user_slug=mlaureano\">M\u00c1XIMO LAUREANO<\/a><\/p>\n<p class=\"2\">SANTIAGO DE LOS CABALLEROS, Rep\u00fablica Dominicana.- Rosa Santos, reci\u00e9n posesionada como gobernadora de Santiago, advirti\u00f3 a sus compa\u00f1eros de partido que la funci\u00f3n que desarrollar\u00e1, no ser\u00e1 exclusivamente del Partido Revoluci\u00f3n Moderno (PRM), sino de todos los partidos.<\/p>\n<picture class=\"image\"><img loading=\"lazy\" src=\"https:\/\/acento.com.do\/media\/storage02\/uploads\/2020\/08\/DSC_0184-1.jpg\" alt=\" Rosa Santos\" width=\"1160\" height=\"772\" \/>Rosa Santos<\/picture>\n<p class=\"2\">Santos, quien viene de ser encargada del Plan Social en el Gobierno Hip\u00f3lito Mej\u00eda 2000-2004, dijo que est\u00e1 comprometida con abrir la Gobernaci\u00f3n a todos los sectores, sin discriminar el grupo social de donde vengan y hacer de Santiago, la capital de la regi\u00f3n del Cibao, como se ha predicado siempre.<\/p>\n<div class=\"videocontainer\">\n<div id=\"video5\" class=\"video-js vjs-default-skin vjs-paused vjs-controls-enabled vjs-workinghover vjs-v6 vjs-youtube video5-dimensions vjs-user-inactive\" lang=\"es-es\" role=\"region\" data-path=\"veNQuulFCFA\" data-vjsplayer=\"\" aria-label=\"Video Player\">\n<div>\n<p><iframe loading=\"lazy\" id=\"video5_Youtube_api\" class=\"vjs-tech\" title=\"YouTube video player\" src=\"https:\/\/www.youtube.com\/embed\/veNQuulFCFA?controls=0&amp;modestbranding=1&amp;rel=0&amp;showinfo=0&amp;loop=0&amp;fs=0&amp;hl=es&amp;enablejsapi=1&amp;origin=https%3A%2F%2Facento.com.do&amp;widgetid=1\" width=\"640\" height=\"360\" frameborder=\"0\" allowfullscreen=\"allowfullscreen\" data-mce-fragment=\"1\"><\/iframe><\/p>\n<div class=\"vjs-iframe-blocker\"><\/div>\n<\/div>\n<div class=\"vjs-poster\" tabindex=\"-1\" aria-disabled=\"false\"><\/div>\n<div class=\"vjs-text-track-display\" aria-live=\"off\" aria-atomic=\"true\"><\/div>\n<p>&nbsp;<\/p>\n<\/div>\n<\/div>\n<p class=\"2\">Santos sustituy\u00f3 a Ana Mar\u00eda Dom\u00ednguez Hern\u00e1ndez, quien llevaba dos a\u00f1os en el cargo.<\/p>\n<p class=\"2\">Al despedirse, la gobernadora saliente agradeci\u00f3 el apoyo a su partido, Partido de la Liberaci\u00f3n Dominicana (PLD), al pueblo de Santiago y a su equipo, el cual expres\u00f3 deja a disposici\u00f3n de la funcionaria posesionada hasta que ella lo crea conveniente.<\/p>\n<picture class=\"image\"><img loading=\"lazy\" src=\"https:\/\/acento.com.do\/media\/storage02\/uploads\/2020\/08\/DSC_0178.jpg\" alt=\" Ana Mar\u00eda Dom\u00ednguez Hern\u00e1ndez\" width=\"1160\" height=\"772\" \/>Ana Mar\u00eda Dom\u00ednguez Hern\u00e1ndez<\/picture>\n<p class=\"2\">Dom\u00ednguez Hern\u00e1ndez\u00a0entreg\u00f3 a Rosa Santos un libro que, seg\u00fan explic\u00f3, resume el trabajo que realiz\u00f3 en su per\u00edodo.<\/p>\n<div id=\"news-4-13\" class=\"banner-box dfp-async loaded\" data-bannerdesktop=\"true\" data-bannermobile=\"true\"><\/div>\n<p class=\"2\">A la nueva gobernadora Rosa Santos la acompa\u00f1aron decenas de dirigentes, activistas y militantes del PRM, quienes procuran que se le tome en cuenta para cargos futuros.<\/p>\n<div class=\"videocontainer\">\n<div id=\"video15\" class=\"video-js vjs-default-skin vjs-paused vjs-controls-enabled vjs-workinghover vjs-v6 vjs-youtube video15-dimensions vjs-user-active\" lang=\"es-es\" role=\"region\" data-path=\"G_i7mYQyumA\" data-vjsplayer=\"\" aria-label=\"Video Player\">\n<div><iframe loading=\"lazy\" id=\"video15_Youtube_api\" class=\"vjs-tech\" title=\"YouTube video player\" src=\"https:\/\/www.youtube.com\/embed\/G_i7mYQyumA?controls=0&amp;modestbranding=1&amp;rel=0&amp;showinfo=0&amp;loop=0&amp;fs=0&amp;hl=es&amp;enablejsapi=1&amp;origin=https%3A%2F%2Facento.com.do&amp;widgetid=2\" width=\"640\" height=\"360\" frameborder=\"0\" allowfullscreen=\"allowfullscreen\" data-mce-fragment=\"1\"><\/iframe><\/div>\n<div class=\"vjs-poster\" tabindex=\"-1\" aria-disabled=\"false\"><\/div>\n<div class=\"vjs-text-track-display\" aria-live=\"off\" aria-atomic=\"true\"><\/div>\n<p>&nbsp;<\/p>\n<\/div>\n<\/div>\n<\/div>\n<div id=\"tags\" class=\"tags flex-container align-center flex-wrap\"><a class=\"single-tag\" href=\"https:\/\/acento.com.do\/tags.html?tag=cibao\">CIBAO<\/a><\/div>\n<p>Impactos: 225<\/p>","protected":false},"excerpt":{"rendered":"<p>Por\u00a0M\u00c1XIMO LAUREANO SANTIAGO DE LOS CABALLEROS, Rep\u00fablica Dominicana.- Rosa Santos, reci\u00e9n posesionada como gobernadora de Santiago, advirti\u00f3 a sus compa\u00f1eros de partido que la<\/p>\n","protected":false},"author":3,"featured_media":10779,"comment_status":"open","ping_status":"closed","sticky":false,"template":"","format":"standard","meta":[],"categories":[3],"tags":[],"_links":{"self":[{"href":"https:\/\/hormigaradio.com\/index.php?rest_route=\/wp\/v2\/posts\/10778"}],"collection":[{"href":"https:\/\/hormigaradio.com\/index.php?rest_route=\/wp\/v2\/posts"}],"about":[{"href":"https:\/\/hormigaradio.com\/index.php?rest_route=\/wp\/v2\/types\/post"}],"author":[{"embeddable":true,"href":"https:\/\/hormigaradio.com\/index.php?rest_route=\/wp\/v2\/users\/3"}],"replies":[{"embeddable":true,"href":"https:\/\/hormigaradio.com\/index.php?rest_route=%2Fwp%2Fv2%2Fcomments&post=10778"}],"version-history":[{"count":2,"href":"https:\/\/hormigaradio.com\/index.php?rest_route=\/wp\/v2\/posts\/10778\/revisions"}],"predecessor-version":[{"id":10781,"href":"https:\/\/hormigaradio.com\/index.php?rest_route=\/wp\/v2\/posts\/10778\/revisions\/10781"}],"wp:featuredmedia":[{"embeddable":true,"href":"https:\/\/hormigaradio.com\/index.php?rest_route=\/wp\/v2\/media\/10779"}],"wp:attachment":[{"href":"https:\/\/hormigaradio.com\/index.php?rest_route=%2Fwp%2Fv2%2Fmedia&parent=10778"}],"wp:term":[{"taxonomy":"category","embeddable":true,"href":"https:\/\/hormigaradio.com\/index.php?rest_route=%2Fwp%2Fv2%2Fcategories&post=10778"},{"taxonomy":"post_tag","embeddable":true,"href":"https:\/\/hormigaradio.com\/index.php?rest_route=%2Fwp%2Fv2%2Ftags&post=10778"}],"curies":[{"name":"wp","href":"https:\/\/api.w.org\/{rel}","templated":true}]}}