{"id":10782,"date":"2020-08-21T22:45:42","date_gmt":"2020-08-21T22:45:42","guid":{"rendered":"http:\/\/hormigaradio.com\/?p=10782"},"modified":"2020-08-24T01:14:14","modified_gmt":"2020-08-24T01:14:14","slug":"se-tranca-el-juego-para-elegir-el-nuevo-director-de-coraasan","status":"publish","type":"post","link":"https:\/\/hormigaradio.com\/?p=10782","title":{"rendered":"SE TRANCA EL JUEGO PARA ELEGIR EL NUEVO DIRECTOR DE CORAASAN"},"content":{"rendered":"<div class=\"article-body-content\">\n<p>Por\u00a0<a class=\"text-font font-700\" href=\"https:\/\/acento.com.do\/autor\/index.html?user_slug=mlaureano\">M\u00c1XIMO LAUREANO<\/a><\/p>\n<p class=\"2\">SANTIAGO DE LOS CABALLEROS.-A una semana de instalado el Gobierno del Partido Revolucionario Moderno (PRM), que encabezan Luis Abinader y Raquel Pe\u00f1a, la ciudadan\u00eda santiaguense espera por el decreto\u00a0 que nombre al nuevo director general de la Corporaci\u00f3n de Acueducto y Alcantarillado de Santiago (Coraasan).<\/p>\n<p class=\"2\">La Coraasan es responsable de servicios indispensables para la ciudad de Santiago, y su direcci\u00f3n es unos de los cargos m\u00e1s apetecidos por los pol\u00edticos locales, debido a que en esta instituci\u00f3n se manejan muchos recursos y cuenta con una n\u00f3mina que ronda los 3 mil empleados.<\/p>\n<picture class=\"image\"><img loading=\"lazy\" src=\"https:\/\/acento.com.do\/media\/storage02\/uploads\/2020\/08\/Coraasan-Santiago.jpg\" alt=\"\" width=\"1280\" height=\"855\" \/><\/picture>\n<p class=\"2\">Hasta junio 2020 Coraasan tienen 2, 430 empleados en la n\u00f3mina de trabajadores fijos, seg\u00fan se refleja en la p\u00e1gina web de la instituci\u00f3n, a estos se suman los trabajadores por contratos y otras modalidades, que elevan la n\u00f3mina de manera considerable.<\/p>\n<p class=\"2\">El tranque para el nombramiento del nuevo director se ha producido porque han sido muchos los perreme\u00edstas que quieren el cargo y \u201cno hay cama para tanta gente\u201d, aunque la lucha se reducido a tres aspirantes y cada quien reza a su padrino o madrina en el Palacio Nacional para que se firme el decreto a su favor.<\/p>\n<p class=\"2\"><strong>Y los finalistas son&#8230;<\/strong><\/p>\n<p class=\"2\">Las versiones que corren en Santiago es que el juego se ha trancado porque desde las altas instancias del Gobierno, padrinos y madrinas a\u00fapan a sus postulados para la gerencia de la Coraasan, lo que ha provocado que el presidente Luis Abinader haya pospuesto la decisi\u00f3n.<\/p>\n<div id=\"news-4-13\" class=\"banner-box dfp-async loaded\" data-bannerdesktop=\"true\" data-bannermobile=\"true\"><\/div>\n<picture class=\"image\"><img loading=\"lazy\" src=\"https:\/\/acento.com.do\/media\/storage02\/uploads\/2020\/08\/Andr%C3%A9s-Burgos-dirigente-PRM-de-Santiago.jpg\" alt=\" Andr\u00e9s Burgos, dirigente PRM de Santiago\" width=\"400\" height=\"400\" \/>Andr\u00e9s Burgos, dirigente PRM de Santiago<\/picture>\n<p class=\"2\">Por un lado est\u00e1 el ingeniero agr\u00f3nomo Andr\u00e9s Burgos, quien en las primeras semanas de la transici\u00f3n se proyect\u00f3 como futuro incumbente, al presentarse a la Coraasan con una comisi\u00f3n que se reuni\u00f3 con las autoridades del pasado gobierno.<\/p>\n<p class=\"2\">Algunas voces indican que esta acci\u00f3n fue reprochada por la dirigencia del PRM y que por eso, su designaci\u00f3n en este cargo est\u00e1 en \u201cveremos\u201d.<\/p>\n<p class=\"2\">Seg\u00fan las consultas hechas sobre el tema, Burgos es un dirigente que goza del apoyo de los compa\u00f1eros de la base del PRM en Santiago. Fue encargado de la regional norte del Ministerio de Agricultura con sede en Santiago y tambi\u00e9n fue director general de Coraasan, ambos cargos desempe\u00f1ado en el gobierno encabezado por su colega de profesi\u00f3n Hip\u00f3lito Mej\u00eda Dom\u00ednguez, en el cuatrienio 2000-2004.<\/p>\n<p class=\"2\">En a\u00f1os recientes Burgos ha asumido funciones importantes en la dirigencia del PRM en Santiago, sobre todo, en las campa\u00f1as electorales.<\/p>\n<p class=\"2\"><strong>Con el traje hecho<\/strong><\/p>\n<div id=\"news-4-25\" class=\"banner-box dfp-async loaded\" data-bannerdesktop=\"true\" data-bannermobile=\"true\"><\/div>\n<p class=\"2\">Por su lado, Robinson D\u00edaz, que fue diputado, tambi\u00e9n tiene a muchos seguidores en el PRM. Y los c\u00edrculos perreme\u00edstas se afirma que se sent\u00eda tan seguro de que ser\u00eda nombrado director de la Coraasan, que hasta se ha mandado a confeccionar el traje para tomar posesi\u00f3n.<\/p>\n<picture class=\"image\"><img loading=\"lazy\" src=\"https:\/\/acento.com.do\/media\/storage02\/uploads\/2020\/08\/Robinson-D%C3%ADaz-dirigente-PRM-de-Santiago.jpeg\" alt=\" Robinson D\u00edaz, dirigente PRM de Santiago\" width=\"392\" height=\"262\" \/>Robinson D\u00edaz, dirigente PRM de Santiago<\/picture>\n<p class=\"2\">A Robinson D\u00edaz Mej\u00eda lo estar\u00eda impulsando el ministro Administrativo de la Presidencial, Jos\u00e9 Ignacio Paliza. Paliza es adem\u00e1s el presidente del PRM y se ha ponderado que esto le dar\u00eda alguna ventaja al exlegislador en la carrera por la direcci\u00f3n de la Coraasan.<\/p>\n<p class=\"2\">D\u00edaz qued\u00f3 fuera de la boleta congresual en las elecciones del 5 de julio del 2020. Y aunque hizo reclamos legales, perdi\u00f3 en ocasiones en el Tribunal Superior Electoral (TSE).<\/p>\n<div id=\"news-4-31\" class=\"banner-box dfp-async loaded\" data-bannerdesktop=\"true\" data-bannermobile=\"true\"><\/div>\n<p class=\"2\">La dirigencia del PRM hab\u00eda reservado la candidatura a Robinson D\u00edaz, pero seg\u00fan la motivaci\u00f3n de la sentencia del TSE, las autoridades del partido no depositaron la documentaci\u00f3n de lugar para avalar la reserva de su candidatura, por lo que el puesto en la boleta lo gan\u00f3 Stamy Col\u00f3n. Sin embargo, la se\u00f1ora Col\u00f3n no pudo obtener el favor de los votantes el 5 de julio.<\/p>\n<p class=\"2\">Amparados en que el PRM supuestamente est\u00e1 en deuda con el exdiputado, sus seguidores est\u00e1n confiados que el presidente Luis Abinader nombrar\u00e1 a Robinson D\u00edaz, para la direcci\u00f3n de Coraasan.<\/p>\n<p class=\"2\"><strong>Otros aspirantes<\/strong><\/p>\n<p class=\"2\">Pero adem\u00e1s de Burgos y D\u00edaz, tambi\u00e9n se baraja el nombre del ingeniero Silvio Carrasco, quien tendr\u00eda como madrina a la vicepresidente de la Rep\u00fablica, Raquel Pe\u00f1a de Antu\u00f1a, en sus aspiraciones de dirigir la Coraasan.<\/p>\n<p class=\"2\">Hay informaciones de que Carrasco, se habr\u00eda apartado de la competencia por la direcci\u00f3n de Coraasan, para optar por una asesor\u00eda en el Poder Ejecutivo, en materia de agua, versi\u00f3n que no ha sido confirmada.<\/p>\n<p class=\"2\">Silvio Carrasco, fue director del Instituto de Recursos Hidr\u00e1ulicos (INDRI) en el gobierno de Hip\u00f3lito Mej\u00eda. Su nombre sali\u00f3 a relucir por denuncias de gastos excesivos y derroches.<\/p>\n<p class=\"2\">De su funci\u00f3n se recuerda en Santiago un proyecto de rescate del r\u00edo Yaque del Norte. Pero este proyecto nunca concluy\u00f3. S\u00ed se construcci\u00f3n una parte de un muro contiguo a la represa de la Otra Banda, en la avenida Circunvalaci\u00f3n Sur o Mirador del Yaque. All\u00ed se habl\u00f3 de hacer una especie de lago o lo que en ese momento se describi\u00f3 como \u201cojos de agua\u201d, que servir\u00edan de atracci\u00f3n tur\u00edstica.<\/p>\n<p class=\"2\">Adem\u00e1s se levant\u00f3 un gran muro de tierra y se realizaron grandes excavaciones en el \u00e1rea, las cuales fueron muy criticadas por ambientalistas y otros sectores de Santiago.<\/p>\n<\/div>\n<p>Impactos: 1137<\/p>","protected":false},"excerpt":{"rendered":"<p>Por\u00a0M\u00c1XIMO LAUREANO SANTIAGO DE LOS CABALLEROS.-A una semana de instalado el Gobierno del Partido Revolucionario Moderno (PRM), que encabezan Luis Abinader y Raquel Pe\u00f1a,<\/p>\n","protected":false},"author":3,"featured_media":10784,"comment_status":"open","ping_status":"closed","sticky":false,"template":"","format":"standard","meta":[],"categories":[6],"tags":[],"_links":{"self":[{"href":"https:\/\/hormigaradio.com\/index.php?rest_route=\/wp\/v2\/posts\/10782"}],"collection":[{"href":"https:\/\/hormigaradio.com\/index.php?rest_route=\/wp\/v2\/posts"}],"about":[{"href":"https:\/\/hormigaradio.com\/index.php?rest_route=\/wp\/v2\/types\/post"}],"author":[{"embeddable":true,"href":"https:\/\/hormigaradio.com\/index.php?rest_route=\/wp\/v2\/users\/3"}],"replies":[{"embeddable":true,"href":"https:\/\/hormigaradio.com\/index.php?rest_route=%2Fwp%2Fv2%2Fcomments&post=10782"}],"version-history":[{"count":2,"href":"https:\/\/hormigaradio.com\/index.php?rest_route=\/wp\/v2\/posts\/10782\/revisions"}],"predecessor-version":[{"id":10800,"href":"https:\/\/hormigaradio.com\/index.php?rest_route=\/wp\/v2\/posts\/10782\/revisions\/10800"}],"wp:featuredmedia":[{"embeddable":true,"href":"https:\/\/hormigaradio.com\/index.php?rest_route=\/wp\/v2\/media\/10784"}],"wp:attachment":[{"href":"https:\/\/hormigaradio.com\/index.php?rest_route=%2Fwp%2Fv2%2Fmedia&parent=10782"}],"wp:term":[{"taxonomy":"category","embeddable":true,"href":"https:\/\/hormigaradio.com\/index.php?rest_route=%2Fwp%2Fv2%2Fcategories&post=10782"},{"taxonomy":"post_tag","embeddable":true,"href":"https:\/\/hormigaradio.com\/index.php?rest_route=%2Fwp%2Fv2%2Ftags&post=10782"}],"curies":[{"name":"wp","href":"https:\/\/api.w.org\/{rel}","templated":true}]}}