{"id":10787,"date":"2020-08-23T12:52:07","date_gmt":"2020-08-23T12:52:07","guid":{"rendered":"http:\/\/hormigaradio.com\/?p=10787"},"modified":"2020-08-23T12:52:07","modified_gmt":"2020-08-23T12:52:07","slug":"coe-eleva-a-20-las-provincias-en-alerta-roja-por-de-tormenta-laura","status":"publish","type":"post","link":"https:\/\/hormigaradio.com\/?p=10787","title":{"rendered":"COE ELEVA A 20 LAS PROVINCIAS EN ALERTA ROJA POR DE TORMENTA LAURA"},"content":{"rendered":"<p class=\"2\"><a href=\"http:\/\/hormigaradio.com\/?attachment_id=10788\" rel=\"attachment wp-att-10788\"><img loading=\"lazy\" class=\"alignleft size-medium wp-image-10788\" src=\"http:\/\/hormigaradio.com\/wp-content\/uploads\/2020\/08\/Laura-400x225-300x169.jpg\" alt=\"\" width=\"300\" height=\"169\" srcset=\"https:\/\/hormigaradio.com\/wp-content\/uploads\/2020\/08\/Laura-400x225-300x169.jpg 300w, https:\/\/hormigaradio.com\/wp-content\/uploads\/2020\/08\/Laura-400x225.jpg 400w\" sizes=\"(max-width: 300px) 100vw, 300px\" \/><\/a><\/p>\n<p><a class=\"text-font font-700\" href=\"https:\/\/acento.com.do\/autor\/index.html?user_slug=servicios\">SERVICIOS DE ACENTO.COM.DO<\/a><\/p>\n<p class=\"2\">SANTO DOMINGO, Rep\u00fablica Dominicana.- El Centro de Operaciones de Emergencias (COE) elev\u00f3 a 20 las provincias en alerta roja\u00a0 por el paso de tormenta Laura, que durante toda la madrugra provoc\u00f3 fuertes lluvias y vientos en gran parte de la geograf\u00eda nacional.<\/p>\n<p class=\"2\">Las provincias en alerta roja son: La Altagracia, Saman\u00e1, San Pedro Hato, Mayor, El Seibo, San Jos\u00e9 de Ocoa, Santo Domingo, Azua, Barahona, Pedernales, Puerto Plata, Montecristi, Espaillat, Mar\u00eda Trinidad S\u00e1nchez, San Crist\u00f3bal, La Romana, Distrito Nacional, Monte Plata, Peravia, Y S\u00e1nchez Ram\u00edrez.<\/p>\n<p class=\"2\">Mientras que en alerta amarilla se encuentran Monse\u00f1or Nouel, La Vega, Hermanas Mirabal, Santiago, Rodr\u00edguez, Dajab\u00f3n, Valverde, Duarte, Santiago, San Juan, Bahoruco, Independencia, y El\u00edas Pina,<\/p>\n<p class=\"2\">Seg\u00fan inform\u00f3 la Oficina Nacional\u00a0 de Meteorolog\u00eda, a las 5 de la ma\u00f1ana de este domingo la Tormenta Laura a\u00fan se encontraba sobre Rep\u00fablica Dominicana con vientos m\u00e1ximos sostenidos de 75 kil\u00f3metros por hora (con r\u00e1fagas superiores), se desplaza hacia el oeste\/noroeste a 30 kil\u00f3metro por hora.<\/p>\n<p>Impactos: 1157<\/p>","protected":false},"excerpt":{"rendered":"<p>SERVICIOS DE ACENTO.COM.DO SANTO DOMINGO, Rep\u00fablica Dominicana.- El Centro de Operaciones de Emergencias (COE) elev\u00f3 a 20 las provincias en alerta roja\u00a0 por el<\/p>\n","protected":false},"author":3,"featured_media":10788,"comment_status":"open","ping_status":"closed","sticky":false,"template":"","format":"standard","meta":[],"categories":[3],"tags":[],"_links":{"self":[{"href":"https:\/\/hormigaradio.com\/index.php?rest_route=\/wp\/v2\/posts\/10787"}],"collection":[{"href":"https:\/\/hormigaradio.com\/index.php?rest_route=\/wp\/v2\/posts"}],"about":[{"href":"https:\/\/hormigaradio.com\/index.php?rest_route=\/wp\/v2\/types\/post"}],"author":[{"embeddable":true,"href":"https:\/\/hormigaradio.com\/index.php?rest_route=\/wp\/v2\/users\/3"}],"replies":[{"embeddable":true,"href":"https:\/\/hormigaradio.com\/index.php?rest_route=%2Fwp%2Fv2%2Fcomments&post=10787"}],"version-history":[{"count":1,"href":"https:\/\/hormigaradio.com\/index.php?rest_route=\/wp\/v2\/posts\/10787\/revisions"}],"predecessor-version":[{"id":10789,"href":"https:\/\/hormigaradio.com\/index.php?rest_route=\/wp\/v2\/posts\/10787\/revisions\/10789"}],"wp:featuredmedia":[{"embeddable":true,"href":"https:\/\/hormigaradio.com\/index.php?rest_route=\/wp\/v2\/media\/10788"}],"wp:attachment":[{"href":"https:\/\/hormigaradio.com\/index.php?rest_route=%2Fwp%2Fv2%2Fmedia&parent=10787"}],"wp:term":[{"taxonomy":"category","embeddable":true,"href":"https:\/\/hormigaradio.com\/index.php?rest_route=%2Fwp%2Fv2%2Fcategories&post=10787"},{"taxonomy":"post_tag","embeddable":true,"href":"https:\/\/hormigaradio.com\/index.php?rest_route=%2Fwp%2Fv2%2Ftags&post=10787"}],"curies":[{"name":"wp","href":"https:\/\/api.w.org\/{rel}","templated":true}]}}