{"id":11051,"date":"2020-09-10T20:06:25","date_gmt":"2020-09-10T20:06:25","guid":{"rendered":"http:\/\/hormigaradio.com\/?p=11051"},"modified":"2020-09-10T20:10:28","modified_gmt":"2020-09-10T20:10:28","slug":"ministro-niega-persecucion-contra-exfuncionarios-del-pld-video","status":"publish","type":"post","link":"https:\/\/hormigaradio.com\/?p=11051","title":{"rendered":"MINISTRO NIEGA PERSECUCI\u00d3N CONTRA EXFUNCIONARIOS DEL PLD (v\u00eddeo)"},"content":{"rendered":"<div class=\"article-body-content\">\n<p>SANTIAGO DE LOS CABALLEROS, Rep\u00fablica Dominicana.-\u00a0El ministro de Interior y Polic\u00eda, Jes\u00fas V\u00e1squez,\u00a0neg\u00f3 que en el reci\u00e9n iniciado Gobierno que encabeza Luis Abinader se desatara una persecuci\u00f3n pol\u00edtica contra exdirigentes del Partido de la Liberaci\u00f3n Dominicana (PLD).<\/p>\n<p>El ministro dijo que ning\u00fan funcionario saliente debe sentirse ofendido porque se le mencione o se inicie una investigaci\u00f3n relacionada sus funciones.<\/p>\n<p>\u201cYo pienso que los funcionarios p\u00fablicos estamos llamados a rendirle cuentas al pa\u00eds y no creo que nadie debe molestarse porque se le pida cuenta; ese es un deber de cada funcionario p\u00fablico, porque el pueblo es soberano y debe saber que pas\u00f3 en cada dependencia del Estado\u201d, declar\u00f3.<\/p>\n<div class=\"videocontainer\">\n<div id=\"video4\" class=\"video-js vjs-default-skin vjs-paused vjs-controls-enabled vjs-workinghover vjs-v6 vjs-youtube vjs-user-inactive video4-dimensions\" lang=\"es-es\" role=\"region\" data-path=\"g7yfDM1FvBc&amp;feature\" data-vjsplayer=\"\" aria-label=\"Video Player\">\n<div>\n<p><iframe loading=\"lazy\" id=\"video4_Youtube_api\" class=\"vjs-tech\" title=\"YouTube video player\" src=\"https:\/\/www.youtube.com\/embed\/g7yfDM1FvBc?controls=0&amp;modestbranding=1&amp;rel=0&amp;showinfo=0&amp;loop=0&amp;fs=0&amp;hl=es&amp;enablejsapi=1&amp;origin=https%3A%2F%2Facento.com.do&amp;widgetid=1\" width=\"640\" height=\"360\" frameborder=\"0\" allowfullscreen=\"allowfullscreen\" data-mce-fragment=\"1\"><\/iframe><\/p>\n<div class=\"vjs-iframe-blocker\"><\/div>\n<\/div>\n<div class=\"vjs-poster\" tabindex=\"-1\" aria-disabled=\"false\"><\/div>\n<div class=\"vjs-text-track-display\" aria-live=\"off\" aria-atomic=\"true\"><\/div>\n<p>&nbsp;<\/p>\n<\/div>\n<\/div>\n<p>V\u00e1squez habl\u00f3 del tema al responder preguntas de los periodistas y reporteros que cubrieron su visita a la sede la Asociaci\u00f3n de Comerciantes e Industriales de Santiago (ACIS) y otras entidades.<\/p>\n<p>Se se reuni\u00f3 con empresarios locales en procura de presentar posibles soluciones y m\u00e9todos para reducir la inseguridad ciudadana.<\/p>\n<p>En relaci\u00f3n a sus labores y metas, el ministro de Interior dijo que en los primeros 20 d\u00edas de su gesti\u00f3n se ha concentrado en un proceso de reorganizaci\u00f3n de la instituci\u00f3n, en la cual ya se ha reducido RD$ 13 millones de la n\u00f3mina.<\/p>\n<\/div>\n<div id=\"comentarios\" class=\"\">\n<div id=\"comments1\" class=\"fb-comments hide fb_iframe_widget fb_iframe_widget_fluid_desktop\" data-href=\"https:\/\/acento.com.do\/actualidad\/ministro-niega-persecucion-contra-exfuncionarios-del-pld-8859309.html\" data-numposts=\"5\" data-width=\"728\"><\/div>\n<\/div>\n<p>Impactos: 75<\/p>","protected":false},"excerpt":{"rendered":"<p>SANTIAGO DE LOS CABALLEROS, Rep\u00fablica Dominicana.-\u00a0El ministro de Interior y Polic\u00eda, Jes\u00fas V\u00e1squez,\u00a0neg\u00f3 que en el reci\u00e9n iniciado Gobierno que encabeza Luis Abinader se<\/p>\n","protected":false},"author":3,"featured_media":11053,"comment_status":"open","ping_status":"closed","sticky":false,"template":"","format":"standard","meta":[],"categories":[6],"tags":[],"_links":{"self":[{"href":"https:\/\/hormigaradio.com\/index.php?rest_route=\/wp\/v2\/posts\/11051"}],"collection":[{"href":"https:\/\/hormigaradio.com\/index.php?rest_route=\/wp\/v2\/posts"}],"about":[{"href":"https:\/\/hormigaradio.com\/index.php?rest_route=\/wp\/v2\/types\/post"}],"author":[{"embeddable":true,"href":"https:\/\/hormigaradio.com\/index.php?rest_route=\/wp\/v2\/users\/3"}],"replies":[{"embeddable":true,"href":"https:\/\/hormigaradio.com\/index.php?rest_route=%2Fwp%2Fv2%2Fcomments&post=11051"}],"version-history":[{"count":2,"href":"https:\/\/hormigaradio.com\/index.php?rest_route=\/wp\/v2\/posts\/11051\/revisions"}],"predecessor-version":[{"id":11054,"href":"https:\/\/hormigaradio.com\/index.php?rest_route=\/wp\/v2\/posts\/11051\/revisions\/11054"}],"wp:featuredmedia":[{"embeddable":true,"href":"https:\/\/hormigaradio.com\/index.php?rest_route=\/wp\/v2\/media\/11053"}],"wp:attachment":[{"href":"https:\/\/hormigaradio.com\/index.php?rest_route=%2Fwp%2Fv2%2Fmedia&parent=11051"}],"wp:term":[{"taxonomy":"category","embeddable":true,"href":"https:\/\/hormigaradio.com\/index.php?rest_route=%2Fwp%2Fv2%2Fcategories&post=11051"},{"taxonomy":"post_tag","embeddable":true,"href":"https:\/\/hormigaradio.com\/index.php?rest_route=%2Fwp%2Fv2%2Ftags&post=11051"}],"curies":[{"name":"wp","href":"https:\/\/api.w.org\/{rel}","templated":true}]}}