{"id":11055,"date":"2020-09-11T03:58:50","date_gmt":"2020-09-11T03:58:50","guid":{"rendered":"http:\/\/hormigaradio.com\/?p=11055"},"modified":"2020-09-11T03:58:50","modified_gmt":"2020-09-11T03:58:50","slug":"jean-alain-dejo-contratos-gratuitos-hasta-2023","status":"publish","type":"post","link":"https:\/\/hormigaradio.com\/?p=11055","title":{"rendered":"JEAN ALAIN DEJ\u00d3 CONTRATOS &#8220;GRATUITOS&#8221; HASTA 2023"},"content":{"rendered":"<p>Por\u00a0<a class=\"text-font font-700\" href=\"https:\/\/acento.com.do\/autor\/index.html?user_slug=gustavo\">GUSTAVO OLIVO PE\u00d1A<\/a><\/p>\n<p>&nbsp;<\/p>\n<p><a href=\"http:\/\/hormigaradio.com\/?attachment_id=10240\" rel=\"attachment wp-att-10240\"><img loading=\"lazy\" class=\"alignleft wp-image-10240 size-full\" src=\"http:\/\/hormigaradio.com\/wp-content\/uploads\/2020\/07\/procurador-.jpg\" alt=\"\" width=\"225\" height=\"224\" srcset=\"https:\/\/hormigaradio.com\/wp-content\/uploads\/2020\/07\/procurador-.jpg 225w, https:\/\/hormigaradio.com\/wp-content\/uploads\/2020\/07\/procurador--150x150.jpg 150w, https:\/\/hormigaradio.com\/wp-content\/uploads\/2020\/07\/procurador--215x215.jpg 215w\" sizes=\"(max-width: 225px) 100vw, 225px\" \/><\/a><\/p>\n<p>SANTO DOMINGO, Rep\u00fablica Dominicana.-La pasada gesti\u00f3n de la Procuradur\u00eda General de la Rep\u00fablica suscribi\u00f3 el 17 de marzo de 2020 \u00a0cuatro convenios de trabajo con igual n\u00famero de abogados para una asesor\u00eda legal &#8220;gratuita&#8221; que concluir\u00e1 el 31 de diciembre de 2023, pero si las actuales autoridades deciden ponerles fin tendr\u00edan que pagar RD$20 millones, RD$5 millones para cada abogado.<\/p>\n<p>Los documentos de estos cuatro contratos fueron entregados a periodistas de Acento por fuentes del \u00e1mbito jur\u00eddico.<\/p>\n<p>Los contratos fueron suscritos con los abogados\u00a0<strong>Jos\u00e9 Leonardo Mart\u00ednez Hoepelman, Julio Miguel Cury David (Julio Cury), Eduardo Jorge Prats y Valent\u00edn Medrano Pe\u00f1a<\/strong>. Fueron firmados el 17 de marzo de 2020 y concluyen el 31 de diciembre del a\u00f1o 2023.<\/p>\n<p>Estos cuatro contratos generan interrogantes para las actuales autoridades de la Procuradur\u00eda General de la Rep\u00fablica, debido a que los cuatro juristas contratados tomaron posici\u00f3n a favor del anterior procurador, Jean Ala\u00edn Rodr\u00edguez, cuando \u00e9ste, en reuni\u00f3n del Consejo Nacional de la Magistratura, lanz\u00f3 acusaciones contra la entonces jueza de la Suprema Corte de Justicia, Miriam Germ\u00e1n Brito, hoy Procuradora General de la Rep\u00fablica.<\/p>\n<p>Los contratos, que fueron suscritos por separado por los cuatro juristas tienen las mismas bases y, en nombre de la Procuradur\u00eda General de la Rep\u00fablica, firm\u00f3 el abogado notario p\u00fablico Jonnathan Joel Rodr\u00edguez Imbert, en fecha 17 de marzo del a\u00f1o 2020.<\/p>\n<p>El entonces Procurador General de la Rep\u00fablica, Jean Alain Garc\u00eda, le otorg\u00f3 un &#8220;poder especial&#8221; al notario Rodr\u00edguez Imbert para contratar a los cuatro notables abogados, con la finalidad de poder enfrentar la objeci\u00f3n hicieron que hicieron 19 fiscales al\u00a0<a href=\"https:\/\/acento.com.do\/actualidad\/fiscales-someten-recurso-contencioso-contra-el-consejo-superior-del-ministerio-publico-8791887.html\">&#8220;Concurso Interno para la Selecci\u00f3n de Titularidades&#8221;<\/a>\u00a0convocado por el Consejo Superior del Ministerio P\u00fablico el 7 de febrero de 2020.<\/p>\n<p><a href=\"https:\/\/acento.com.do\/actualidad\/fiscales-someten-recurso-contencioso-contra-el-consejo-superior-del-ministerio-publico-8791887.html\">Los fiscales demandantes<\/a>\u00a0fueron Marlene Rodr\u00edguez, Alba Esther Corona Valerio, Yeni Berenice Reynoso G\u00f3mez, Wilson Manuel Camacho Peralta, Julio Cesar G\u00f3mez Quintana, Yoneivy Alfredo Gonz\u00e1lez Mueses, Luisa Fridania Liranzo S\u00e1nchez, Gladisleny N\u00fa\u00f1ez G\u00f3mez, Johann Newton L\u00f3pez, Johanna Isabel Reyes Hern\u00e1ndez, Wendy Mar\u00eda Estrella Monsanto, Pedro Inocencio Amador Espinosa, Fern\u00e1n Josu\u00e9 Ramos Ramos, Sourelly Naihary Jaquez Vialet, Juan Medina De Los Santos, Marinel Guillermina Brea Tejeda, Pedro Jos\u00e9 Fr\u00edas Morillo, Ernesto Guzm\u00e1n Alberto, Melbin Romero Suazo.<\/p>\n<div id=\"news-4-13\" class=\"banner-box dfp-async\" data-bannerdesktop=\"true\" data-bannermobile=\"true\"><\/div>\n<p>Los fiscales interpusieron un recurso ante el Tribunal Superior Administrativo, el 9 de marzo, y contaron con la representaci\u00f3n de los abogados Laura Acosta Lora, Nassef Perdomo Cordero y Crist\u00f3bal Rodr\u00edguez.<\/p>\n<p>Cada contrato indica que el contratista (abogado) recibi\u00f3 poder representaci\u00f3n ad-litem, &#8220;tan amplio y suficiente como en derecho fuere necesario, a fin de que de manera gratuita, en nombre de la entidad contratante (Procuradur\u00eda) y del Consejo Superior del Ministerio P\u00fablico, ejerza todas las gestiones, diligencias y actuaciones legales necesarias\u2026&#8221;.<\/p>\n<p>Asimismo, aunque el Art\u00edculo 2, referido a la &#8220;Representaci\u00f3n gratuita&#8221;, reza que las partes convienen que la representaci\u00f3n legal que har\u00e1n los abogados ser\u00e1 &#8220;totalmente gratuita&#8221;, y resalta que la parte contratante no har\u00e1 ning\u00fan pago por los citados servicios, el Art\u00edculo 4, relativo a la &#8220;Cl\u00e1usula penal&#8221;, deja claro que si la parte contratante decidiese poner fin al contrato de manera unilateral, estar\u00e1 obligada a pagarle al contratista (abogado) la suma de 5 millones de pesos,\u00a0 a t\u00edtulo de\u00a0 &#8220;indemnizaci\u00f3n moral&#8221;.<\/p>\n<p>Ese mismo art\u00edculo explica que sin ese pago efectivo y carta de descargo, la Procuradur\u00eda General y Consejo Superior del Ministerio P\u00fablico no podr\u00e1n apoderar a otros abogados para la prestaci\u00f3n de los mismos servicios. Esta cl\u00e1usula estar\u00eda amparada en la Ley sobre Honorarios de Abogados, n\u00famero 302.<\/p>\n<p>Asimismo, cualquier modificaci\u00f3n del contrato deber\u00e1 de hacerse &#8220;por mutuo acuerdo entre las partes&#8221;<\/p>\n<p>Impactos: 87<\/p>","protected":false},"excerpt":{"rendered":"<p>Por\u00a0GUSTAVO OLIVO PE\u00d1A &nbsp; SANTO DOMINGO, Rep\u00fablica Dominicana.-La pasada gesti\u00f3n de la Procuradur\u00eda General de la Rep\u00fablica suscribi\u00f3 el 17 de marzo de 2020<\/p>\n","protected":false},"author":3,"featured_media":4478,"comment_status":"open","ping_status":"closed","sticky":false,"template":"","format":"standard","meta":[],"categories":[3],"tags":[],"_links":{"self":[{"href":"https:\/\/hormigaradio.com\/index.php?rest_route=\/wp\/v2\/posts\/11055"}],"collection":[{"href":"https:\/\/hormigaradio.com\/index.php?rest_route=\/wp\/v2\/posts"}],"about":[{"href":"https:\/\/hormigaradio.com\/index.php?rest_route=\/wp\/v2\/types\/post"}],"author":[{"embeddable":true,"href":"https:\/\/hormigaradio.com\/index.php?rest_route=\/wp\/v2\/users\/3"}],"replies":[{"embeddable":true,"href":"https:\/\/hormigaradio.com\/index.php?rest_route=%2Fwp%2Fv2%2Fcomments&post=11055"}],"version-history":[{"count":1,"href":"https:\/\/hormigaradio.com\/index.php?rest_route=\/wp\/v2\/posts\/11055\/revisions"}],"predecessor-version":[{"id":11056,"href":"https:\/\/hormigaradio.com\/index.php?rest_route=\/wp\/v2\/posts\/11055\/revisions\/11056"}],"wp:featuredmedia":[{"embeddable":true,"href":"https:\/\/hormigaradio.com\/index.php?rest_route=\/wp\/v2\/media\/4478"}],"wp:attachment":[{"href":"https:\/\/hormigaradio.com\/index.php?rest_route=%2Fwp%2Fv2%2Fmedia&parent=11055"}],"wp:term":[{"taxonomy":"category","embeddable":true,"href":"https:\/\/hormigaradio.com\/index.php?rest_route=%2Fwp%2Fv2%2Fcategories&post=11055"},{"taxonomy":"post_tag","embeddable":true,"href":"https:\/\/hormigaradio.com\/index.php?rest_route=%2Fwp%2Fv2%2Ftags&post=11055"}],"curies":[{"name":"wp","href":"https:\/\/api.w.org\/{rel}","templated":true}]}}