{"id":11058,"date":"2020-09-11T13:54:14","date_gmt":"2020-09-11T13:54:14","guid":{"rendered":"http:\/\/hormigaradio.com\/?p=11058"},"modified":"2020-09-11T13:58:05","modified_gmt":"2020-09-11T13:58:05","slug":"el-padre-moncho-se-la-canta-a-sergio-vargas-pregunta-si-fueron-los-pobres-que-desfalcaron-el-pais","status":"publish","type":"post","link":"https:\/\/hormigaradio.com\/?p=11058","title":{"rendered":"EL PADRE MONCHO SE LA CANTA A SERGIO VARGAS; PREGUNTA SI FUERON LOS POBRES QUE DESFALCARON EL PA\u00cdS"},"content":{"rendered":"<p>Por\u00a0<a class=\"text-font font-700\" href=\"https:\/\/acento.com.do\/autor\/index.html?user_slug=fcalderon\">FRANCISCO CALDER\u00d3N HERN\u00c1NDEZ<\/a><\/p>\n<figure style=\"width: 772px\" class=\"wp-caption alignnone\"><img loading=\"lazy\" src=\"https:\/\/acento.com.do\/media\/storage02\/uploads\/2020\/09\/Padre-Moncho.jpg\" alt=\"\" width=\"772\" height=\"435\" data-desktop=\"https:\/\/acento.com.do\/media\/storage02\/uploads\/2020\/09\/Padre-Moncho.jpg\" data-mobile=\"https:\/\/acento.com.do\/media\/storage02\/uploads\/2020\/09\/Padre-Moncho.jpg\" \/><figcaption class=\"wp-caption-text\"><em><strong>Ram\u00f3n Alejo De La Cruz, el padre Moncho.<\/strong><\/em><\/figcaption><\/figure>\n<p>SAN FRANCISCO DE MACOR\u00cdS.- Un sacerdote de la iglesia cat\u00f3lica en San Francisco de Macor\u00eds rebati\u00f3 al cantante Sergio Vargas que dijo que nombrar a pobres en cargos de direcci\u00f3n del Gobierno equivale a poner a un gato a cuidar carne.<\/p>\n<p>El reverendo padre Ram\u00f3n Alejo de la Cruz, padre Moncho, se refiere frontalmente al concepto de Vargas de que los pobres de por s\u00ed son ladrones.<\/p>\n<p>\u201c\u00a1Qu\u00e9 pena me da!, Espero que \u00e9l haya nacido en la riqueza&#8221;, declar\u00f3 el sacerdote pregunt\u00e1ndose de inmediato: &#8220;\u00bfSon los pobres los ladrones que han desfalcado el pa\u00eds?\u201d.<\/p>\n<p>El sacerdote no niega que hay pobres ladrones, \u201cpero lo que veo es que roban limones, pl\u00e1tanos, celulares, passolas y otras peque\u00f1eces que no vamos a justiciar\u201d, remarc\u00f3.<\/p>\n<p>El padre Moncho pregunt\u00f3 a Vargas qu\u00e9 dice de los congresistas que venden leyes o de los grandes empresarios que evaden el pago de impuestos: &#8220;\u00bfNo es robar? \u00bfQuedarse con el sudor de los obreros no es robar?&#8221;.<\/p>\n<p>Est\u00e1 m\u00e1s que claro, prosigui\u00f3, que &#8220;no es gato cuidando carne sino leones cuidando conejos&#8221;.<\/p>\n<p>\u201cUsted, Sergio Vargas, le falta el respeto a la mayor\u00eda de los dominicanos. Falta el respeto a tantos profesionales que desde abajo han luchado por superarse sin necesidad de robar, a tantos hombres y mujeres que con valent\u00eda y dignidad han luchado para salir hacia adelante, que no son ricos y potentados, pero s\u00ed dignos y honestos\u201d, le sermone\u00f3.<\/p>\n<p>El sacerdote cree que a Sergio Vargas &#8220;le hace falta mezclarse m\u00e1s con los que abandon\u00f3 para redescubrir los valores de los hombres y mujeres humildes de este pueblo&#8221;.<\/p>\n<p>\u201cNo son los pobres los grandes ladrones y corruptos de este pueblo. Usted sabe muy bien qui\u00e9nes son y d\u00f3nde est\u00e1n y seguro que usted comparte sus buenas bebidas y manjares, muchas veces resultado del verdadero robo a este pueblo\u201d, remarc\u00f3.<\/p>\n<p>El padre Ram\u00f3n Alejo Cruz culmin\u00f3 su declaraci\u00f3n se\u00f1alando que efectivamente es posible que haya gatos cuidando carne, pero repiti\u00f3 que &#8220;hay mucho m\u00e1s leones cuidando conejos&#8221; y exigi\u00f3 a Vargas &#8220;que respete a los pobres y empobrecidos de este pueblo&#8221;.<\/p>\n<p>Impactos: 78<\/p>","protected":false},"excerpt":{"rendered":"<p>Por\u00a0FRANCISCO CALDER\u00d3N HERN\u00c1NDEZ SAN FRANCISCO DE MACOR\u00cdS.- Un sacerdote de la iglesia cat\u00f3lica en San Francisco de Macor\u00eds rebati\u00f3 al cantante Sergio Vargas que<\/p>\n","protected":false},"author":3,"featured_media":2462,"comment_status":"open","ping_status":"closed","sticky":false,"template":"","format":"standard","meta":[],"categories":[3],"tags":[],"_links":{"self":[{"href":"https:\/\/hormigaradio.com\/index.php?rest_route=\/wp\/v2\/posts\/11058"}],"collection":[{"href":"https:\/\/hormigaradio.com\/index.php?rest_route=\/wp\/v2\/posts"}],"about":[{"href":"https:\/\/hormigaradio.com\/index.php?rest_route=\/wp\/v2\/types\/post"}],"author":[{"embeddable":true,"href":"https:\/\/hormigaradio.com\/index.php?rest_route=\/wp\/v2\/users\/3"}],"replies":[{"embeddable":true,"href":"https:\/\/hormigaradio.com\/index.php?rest_route=%2Fwp%2Fv2%2Fcomments&post=11058"}],"version-history":[{"count":2,"href":"https:\/\/hormigaradio.com\/index.php?rest_route=\/wp\/v2\/posts\/11058\/revisions"}],"predecessor-version":[{"id":11060,"href":"https:\/\/hormigaradio.com\/index.php?rest_route=\/wp\/v2\/posts\/11058\/revisions\/11060"}],"wp:featuredmedia":[{"embeddable":true,"href":"https:\/\/hormigaradio.com\/index.php?rest_route=\/wp\/v2\/media\/2462"}],"wp:attachment":[{"href":"https:\/\/hormigaradio.com\/index.php?rest_route=%2Fwp%2Fv2%2Fmedia&parent=11058"}],"wp:term":[{"taxonomy":"category","embeddable":true,"href":"https:\/\/hormigaradio.com\/index.php?rest_route=%2Fwp%2Fv2%2Fcategories&post=11058"},{"taxonomy":"post_tag","embeddable":true,"href":"https:\/\/hormigaradio.com\/index.php?rest_route=%2Fwp%2Fv2%2Ftags&post=11058"}],"curies":[{"name":"wp","href":"https:\/\/api.w.org\/{rel}","templated":true}]}}