{"id":11061,"date":"2020-09-12T04:41:20","date_gmt":"2020-09-12T04:41:20","guid":{"rendered":"http:\/\/hormigaradio.com\/?p=11061"},"modified":"2020-09-12T05:00:24","modified_gmt":"2020-09-12T05:00:24","slug":"11061","status":"publish","type":"post","link":"https:\/\/hormigaradio.com\/?p=11061","title":{"rendered":"PRESIDENTE LUIS  ABINADER AGOTA PRIMERA  FASE DE JORNADA OFICIAL EN SANTIAGO (v\u00eddeo)"},"content":{"rendered":"<p>Por\u00a0<a class=\"text-font font-700\" href=\"https:\/\/acento.com.do\/autor\/index.html?user_slug=mlaureano\">M\u00c1XIMO LAUREANO<\/a><\/p>\n<p>&nbsp;<\/p>\n<figure style=\"width: 1280px\" class=\"wp-caption alignnone\"><img loading=\"lazy\" src=\"https:\/\/acento.com.do\/media\/storage02\/uploads\/2020\/09\/WhatsApp-Image-2020-09-12-at-12.06.33-AM.jpeg\" alt=\"\" width=\"1280\" height=\"853\" data-desktop=\"https:\/\/acento.com.do\/media\/storage02\/uploads\/2020\/09\/WhatsApp-Image-2020-09-12-at-12.06.33-AM.jpeg\" data-mobile=\"https:\/\/acento.com.do\/media\/storage02\/uploads\/2020\/09\/WhatsApp-Image-2020-09-12-at-12.06.33-AM.jpeg\" \/><figcaption class=\"wp-caption-text\"><em><strong>Encuentro del presidente Luis Abinader, con representantes de medios de comunicaci\u00f3n, en Santiago de los Caballeros.<\/strong><\/em><\/figcaption><\/figure>\n<p>SANTIAGO DE LOS CABALLEROS, Rep\u00fablica Dominicana.- Con una cena en la casa de un hermano de la vicepresidenta de la Rep\u00fablica, Raquel Pe\u00f1a, el presidente Luis Rodolfo Abinader Corona cerr\u00f3 su primer d\u00eda de agenda en la ciudad de Santiago de los Caballeros.<\/p>\n<p>La jornada de visitas oficiales, encuentros con representantes de medios de comunicaci\u00f3n y empresarios incluye tambi\u00e9n un Consejo de Gobierno, para este s\u00e1bado en el local de la Asociaci\u00f3n para el Desarrollo de Santiago (APEDI), en el \u00e1rea del Parque Central.<\/p>\n<p>El programa de la agenda del presidente inici\u00f3 pasada las 4:00 de la tarde en el Hospital Jos\u00e9 Mar\u00eda Cabral y B\u00e1ez, donde se lleva cabo un proceso de reconstrucci\u00f3n desde mediados del 2013 y que, seg\u00fan han dicho las autoridades locales del Ministerio de Salud, est\u00e1 ya en la fase final.<\/p>\n<p>Una vez en el Hospital Cabral y B\u00e1ez, el mandatario declar\u00f3 como prioridad la terminaci\u00f3n de este centro de salud, cuyas instalaciones recorri\u00f3 en parte, en compa\u00f1\u00eda del ministro de Salud, el neum\u00f3logo Plutarco Arias, el ministro administrativo de la Presidencia, Jos\u00e9 Paliza y una lista larga de funcionarios nacionales y locales.<\/p>\n<p>Al responder preguntas de periodistas en el Hospital Cabral y B\u00e1ez, Luis Abinader dijo que cumplir\u00eda con el cambio que prometi\u00f3 en campa\u00f1a. De hecho, sostuvo que el cambio ya est\u00e1 en marcha.<\/p>\n<p>Luis Abinader tambi\u00e9n visti\u00f3 el hospital de atenci\u00f3n infantil doctor Arturo Grull\u00f3n, donde tambi\u00e9n se lleva adelante un proceso de reconstrucci\u00f3n desde hace varios a\u00f1os, aunque ya fue inaugurado por el pasado presidente, Danilo Medina, cuatro d\u00edas antes de entregar el poder.<\/p>\n<p>Medina lo hizo en medio de manifestaciones de varios sectores que denunciaron que los trabajos all\u00ed a\u00fan no hab\u00edan terminado.<\/p>\n<p>El presidente Abinader se reuni\u00f3 este viernes con representantes de empresas de medios de comunicaci\u00f3n en el tercer nivel del edificio empresarial, en la avenida Las Carreras. Para este encuentro estaban invitadas unas 21 personas de la comunicaci\u00f3n en distintas modalidades, con excepci\u00f3n de los medios alternativos como los de difusi\u00f3n digital.<\/p>\n<p>Entre los invitados de los medios tradicionales, asistieron Amaury Polanco, Teleuniverso, canal 29, Sandy Filpo, Cable Net, C\u00e9sar Hern\u00e1ndez, Telemedios, canal 25, Anthony Marte, de los canales Teleuni\u00f3n, canal 16 y Megavisi\u00f3n, canal 43.<\/p>\n<p>Adem\u00e1s, Adalberto De Le\u00f3n, de Super TV, canal 55, Enmanuel Castillo, peri\u00f3dico La Informaci\u00f3n, Leoncio Peralta, peri\u00f3dico List\u00edn Diario, as\u00ed como representantes de emisoras de radio. No trascendi\u00f3 de manera p{ublica, lo tratado en este encuentro con los due\u00f1os, directores y representantes.<\/p>\n<p>En la residencia de Jerry Pe\u00f1a, hermano de la vicepresidenta de la Rep\u00fablica, Raquel Pe\u00f1a, se llev\u00f3 a cabo el encuentro con ministros y empresarios locales.<\/p>\n<p>Entre estos \u00faltimos, concurrieron a la cena con el presidente de la Rep\u00fablica Miguel A. Lama Rodr\u00edguez, de la Corporaci\u00f3n Zona Franca Santiago, Fernando An\u00edbal Capell\u00e1n, de la APEDI y Grupo M, Juan Carlos Ortiz, del Consejo para del Desarrollo Estrat\u00e9gico de Santiago (CEDS), Juan Portalatin y Nicacio P\u00e9rez, entre otros.<\/p>\n<p>El Gran Hotel Cibao, ubicado a la entrada de la ciudad de Santiago de los Caballero de la construcci\u00f3n de la familia Rodr\u00edguez y la empresa Cementos Cibao, obra lleva m\u00e1s de una d\u00e9cada abandonada, se estima que constaron entre los temas abordados con los empresarios.<\/p>\n<p>A su llegada a Santiago, al presidente se le pregunt\u00f3 en relaci\u00f3n a este tema, pero el jefe de Estado evit\u00f3 responder.<\/p>\n<p>Para este s\u00e1bado la agenda presidencial incluye un encuentro de prensa en el hotel Gran Almirante, a primera hora, y un desayuno con la dirigencia del Partido Revolucionario Moderno (PRM), un Consejo de Gobierno, un almuerzo con el personal del Consejo y posteriormente\u00a0 \u00a0el inicio de los trabajos de la carretera del Ambar.<\/p>\n<p>Impactos: 165<\/p>","protected":false},"excerpt":{"rendered":"<p>Por\u00a0M\u00c1XIMO LAUREANO &nbsp; SANTIAGO DE LOS CABALLEROS, Rep\u00fablica Dominicana.- Con una cena en la casa de un hermano de la vicepresidenta de la Rep\u00fablica,<\/p>\n","protected":false},"author":3,"featured_media":11062,"comment_status":"open","ping_status":"closed","sticky":false,"template":"","format":"standard","meta":[],"categories":[6],"tags":[],"_links":{"self":[{"href":"https:\/\/hormigaradio.com\/index.php?rest_route=\/wp\/v2\/posts\/11061"}],"collection":[{"href":"https:\/\/hormigaradio.com\/index.php?rest_route=\/wp\/v2\/posts"}],"about":[{"href":"https:\/\/hormigaradio.com\/index.php?rest_route=\/wp\/v2\/types\/post"}],"author":[{"embeddable":true,"href":"https:\/\/hormigaradio.com\/index.php?rest_route=\/wp\/v2\/users\/3"}],"replies":[{"embeddable":true,"href":"https:\/\/hormigaradio.com\/index.php?rest_route=%2Fwp%2Fv2%2Fcomments&post=11061"}],"version-history":[{"count":3,"href":"https:\/\/hormigaradio.com\/index.php?rest_route=\/wp\/v2\/posts\/11061\/revisions"}],"predecessor-version":[{"id":11065,"href":"https:\/\/hormigaradio.com\/index.php?rest_route=\/wp\/v2\/posts\/11061\/revisions\/11065"}],"wp:featuredmedia":[{"embeddable":true,"href":"https:\/\/hormigaradio.com\/index.php?rest_route=\/wp\/v2\/media\/11062"}],"wp:attachment":[{"href":"https:\/\/hormigaradio.com\/index.php?rest_route=%2Fwp%2Fv2%2Fmedia&parent=11061"}],"wp:term":[{"taxonomy":"category","embeddable":true,"href":"https:\/\/hormigaradio.com\/index.php?rest_route=%2Fwp%2Fv2%2Fcategories&post=11061"},{"taxonomy":"post_tag","embeddable":true,"href":"https:\/\/hormigaradio.com\/index.php?rest_route=%2Fwp%2Fv2%2Ftags&post=11061"}],"curies":[{"name":"wp","href":"https:\/\/api.w.org\/{rel}","templated":true}]}}