{"id":11077,"date":"2020-09-13T17:41:41","date_gmt":"2020-09-13T17:41:41","guid":{"rendered":"http:\/\/hormigaradio.com\/?p=11077"},"modified":"2020-09-13T17:53:56","modified_gmt":"2020-09-13T17:53:56","slug":"santiago-se-rinde-ante-las-promesas-de-inversion-del-presidente-abinader-y-los-encantos-del-tesla","status":"publish","type":"post","link":"https:\/\/hormigaradio.com\/?p=11077","title":{"rendered":"SANTIAGO SE RINDE ANTE LAS PROMESAS DE INVERSI\u00d3N DEL PRESIDENTE ABINADER Y LOS ENCANTOS DEL TESLA"},"content":{"rendered":"<p>Por\u00a0<a class=\"text-font font-700\" href=\"https:\/\/acento.com.do\/autor\/index.html?user_slug=mlaureano\">M\u00c1XIMO LAUREANO<\/a><\/p>\n<figure id=\"attachment_11080\" aria-describedby=\"caption-attachment-11080\" style=\"width: 715px\" class=\"wp-caption alignleft\"><a href=\"http:\/\/hormigaradio.com\/?attachment_id=11080\" rel=\"attachment wp-att-11080\"><img loading=\"lazy\" class=\"wp-image-11080 size-large\" src=\"http:\/\/hormigaradio.com\/wp-content\/uploads\/2020\/09\/WhatsApp-Image-2020-09-13-at-1.47.41-PM-1024x768.jpeg\" alt=\"\" width=\"715\" height=\"536\" srcset=\"https:\/\/hormigaradio.com\/wp-content\/uploads\/2020\/09\/WhatsApp-Image-2020-09-13-at-1.47.41-PM-1024x768.jpeg 1024w, https:\/\/hormigaradio.com\/wp-content\/uploads\/2020\/09\/WhatsApp-Image-2020-09-13-at-1.47.41-PM-300x225.jpeg 300w, https:\/\/hormigaradio.com\/wp-content\/uploads\/2020\/09\/WhatsApp-Image-2020-09-13-at-1.47.41-PM-768x576.jpeg 768w, https:\/\/hormigaradio.com\/wp-content\/uploads\/2020\/09\/WhatsApp-Image-2020-09-13-at-1.47.41-PM.jpeg 1280w\" sizes=\"(max-width: 715px) 100vw, 715px\" \/><\/a><figcaption id=\"caption-attachment-11080\" class=\"wp-caption-text\"><strong>Carro Tesla de funcionamiento el\u00e9trico, que usa el presidente de la Pep\u00fablica, Luis Abinader.<\/strong><\/figcaption><\/figure>\n<p>SANTIAGO DE LOS CABALLEROS, Rep\u00fablica Dominicana.- En dos\u00a0 d\u00edas de actos oficiales del presidente de la Rep\u00fablica, Luis Rodolfo Abinader Corona, la ciudad de Santiago de los Caballeros, tiene mucho para contar: desde\u00a0la promesa\u00a0de nuevas inversiones, para la salud, construcci\u00f3n de obras de infraestructuras,\u00a0respeto por la dignidad de los comunicadores, viviendas, aumento para los ayuntamientos, mejorar el servicio de agua potable, recuperar el amor por el r\u00edo Yaque del Norte, hasta despertar el debatido proyecto de la carretera Cibao Sur.<\/p>\n<p>Dos d\u00edas que han servido para que el presidente Luis Abinader proclame que, mientras que Santiago\u00a0tiene una\u00a0buena estructura hospitalaria de administraci\u00f3n privada, la situaci\u00f3n es muy cr\u00edtica para el sector p\u00fablico.<\/p>\n<picture class=\"image\"><img loading=\"lazy\" src=\"https:\/\/acento.com.do\/media\/storage02\/uploads\/2020\/09\/WhatsApp-Image-2020-09-12-at-4.36.04-PM.jpeg\" alt=\"\" width=\"1280\" height=\"853\" \/><\/picture>\n<p>La jornada sabatina del mandatario inici\u00f3 pasada las 9:00 de la ma\u00f1ana,\u00a0con una rueda de prensa en el\u00a0hotel Gran Almirante. All\u00ed respondi\u00f3 preguntas\u00a0en todas las direcciones y de buen humor, hasta que respondi\u00f3 lo relativo a la n\u00f3mina p\u00fablica e hizo una advertencia.<\/p>\n<p>\u201cQue quede claro, somos servidores p\u00fablicos, fui electo por los perremeistas, pero soy el presidente de todos los dominicanos\u201d, dijo el jefe de Estado que adem\u00e1s record\u00f3 que el Estado no es un bot\u00edn para repartirlo a grupos.<\/p>\n<p>Tras responder preguntas de los periodistas de Santiago, el presidente Luis Abinader anunci\u00f3 que este domingo iniciar\u00e1 en el distrito municipal de Santiago Oeste (Cienfuegos), un programa de viviendas en Santiago. Esto incluye, retomar el proyecto ciudad Juan Boch, en el distrito municipal de Hato del Yaque, pero con un redise\u00f1o, ha dicho el ministro de la presidencia, Lisandro Macarrulla, quien adelant\u00f3 que ser\u00e1 modificado con fines de ampliar los\u00a0 beneficios.<\/p>\n<picture class=\"image\"><img loading=\"lazy\" src=\"https:\/\/acento.com.do\/media\/storage02\/uploads\/2020\/09\/WhatsApp-Image-2020-09-12-at-3.15.06-PM.jpeg\" alt=\"\" width=\"1280\" height=\"853\" \/><\/picture>\n<p>Agreg\u00f3 que se declara como prioridad la situaci\u00f3n del agua en Santiago, ya que por a\u00f1os la Corporaci\u00f3n de Acueducto y Alcantarillado de Santiago (Coraasan), ya que la instituci\u00f3n se maneja con d\u00e9ficit de suministro que excede los 25 millones de galones de agua\u00a0cada d\u00eda.<\/p>\n<div id=\"news-4-13\" class=\"banner-box dfp-async\" data-bannerdesktop=\"true\" data-bannermobile=\"true\"><\/div>\n<p>En el programa de respuestas del jefe de Gobierno, se incluy\u00f3 la promesa de\u00a0activar en Santiago lo que llam\u00f3 una Casa Presidencial para gestionar obras y servicios para\u00a0la\u00a0provincia,\u00a0estas nuevas funciones se agregar\u00edan a las funciones que tiene la Gobernaci\u00f3n local.<\/p>\n<p>Los periodistas de Santiago revivieron el tema del proyecto de la carretera Cibao Sur, un anhelo de muchos sectores de Santiago y San Juan de la Maguana, vetado por los sectores ambientalistas, a lo que el presidente Luis Abinader dijo que habr\u00eda que hacer estudios pertinentes para determinar la posibilidad de un trazado que no afecte la ecolog\u00eda.<\/p>\n<picture class=\"image\"><img loading=\"lazy\" src=\"https:\/\/acento.com.do\/media\/storage02\/uploads\/2020\/09\/WhatsApp-Image-2020-09-12-at-3.15.06-PM-1.jpeg\" alt=\"\" width=\"1280\" height=\"853\" \/><\/picture>\n<p>El presidente anunci\u00f3 que se concluir\u00e1 el tramo de la avenida Circunvalaci\u00f3n Sur, en el trazado de Santiago Oeste. Estos detalles los agreg\u00f3 el ministro de Obras P\u00fablicas,\u00a0Deligne Ascenci\u00f3n Burgos,\u00a0quien adelant\u00f3 que esta obra ser\u00eda el complemento de la avenida Circunvalaci\u00f3n Norte, inaugurada en febrero 2014, con un costo de 130 millones de d\u00f3lares.<\/p>\n<p>La agenda\u00a0presidencial del s\u00e1bado\u00a0incluy\u00f3 el primer Consejo de Ministros y de Gobierno de Luis Abinader. All\u00ed no se permiti\u00f3 la entrada de los periodistas, quienes esperaron por m\u00e1s de dos horas para ser llamados, pero esto no ocurri\u00f3, luego el equipo del Gobierno\u00a0dio a conocer algunos detalles.<\/p>\n<p>El presidente Luis Abinader tambi\u00e9n se reuni\u00f3 con la dirigencia local del Partido\u00a0Revolucionario Moderno (PRM) y realiz\u00f3\u00a0otras actividades que no trascendieron en los medios de informaci\u00f3n.<\/p>\n<div id=\"news-4-25\" class=\"banner-box dfp-async\" data-bannerdesktop=\"true\" data-bannermobile=\"true\"><\/div>\n<p>La agenda presidencial\u00a0cerrar\u00e1 este domingo 13 de septiembre con un acto en Santiago Oeste y otras\u00a0actividades<\/p>\n<p>Impactos: 238<\/p>","protected":false},"excerpt":{"rendered":"<p>Por\u00a0M\u00c1XIMO LAUREANO SANTIAGO DE LOS CABALLEROS, Rep\u00fablica Dominicana.- En dos\u00a0 d\u00edas de actos oficiales del presidente de la Rep\u00fablica, Luis Rodolfo Abinader Corona, la<\/p>\n","protected":false},"author":3,"featured_media":11078,"comment_status":"open","ping_status":"closed","sticky":false,"template":"","format":"standard","meta":[],"categories":[9],"tags":[],"_links":{"self":[{"href":"https:\/\/hormigaradio.com\/index.php?rest_route=\/wp\/v2\/posts\/11077"}],"collection":[{"href":"https:\/\/hormigaradio.com\/index.php?rest_route=\/wp\/v2\/posts"}],"about":[{"href":"https:\/\/hormigaradio.com\/index.php?rest_route=\/wp\/v2\/types\/post"}],"author":[{"embeddable":true,"href":"https:\/\/hormigaradio.com\/index.php?rest_route=\/wp\/v2\/users\/3"}],"replies":[{"embeddable":true,"href":"https:\/\/hormigaradio.com\/index.php?rest_route=%2Fwp%2Fv2%2Fcomments&post=11077"}],"version-history":[{"count":3,"href":"https:\/\/hormigaradio.com\/index.php?rest_route=\/wp\/v2\/posts\/11077\/revisions"}],"predecessor-version":[{"id":11082,"href":"https:\/\/hormigaradio.com\/index.php?rest_route=\/wp\/v2\/posts\/11077\/revisions\/11082"}],"wp:featuredmedia":[{"embeddable":true,"href":"https:\/\/hormigaradio.com\/index.php?rest_route=\/wp\/v2\/media\/11078"}],"wp:attachment":[{"href":"https:\/\/hormigaradio.com\/index.php?rest_route=%2Fwp%2Fv2%2Fmedia&parent=11077"}],"wp:term":[{"taxonomy":"category","embeddable":true,"href":"https:\/\/hormigaradio.com\/index.php?rest_route=%2Fwp%2Fv2%2Fcategories&post=11077"},{"taxonomy":"post_tag","embeddable":true,"href":"https:\/\/hormigaradio.com\/index.php?rest_route=%2Fwp%2Fv2%2Ftags&post=11077"}],"curies":[{"name":"wp","href":"https:\/\/api.w.org\/{rel}","templated":true}]}}