{"id":11083,"date":"2020-09-13T18:05:48","date_gmt":"2020-09-13T18:05:48","guid":{"rendered":"http:\/\/hormigaradio.com\/?p=11083"},"modified":"2020-09-13T18:16:49","modified_gmt":"2020-09-13T18:16:49","slug":"abinader-califica-de-abuso-falta-de-suministro-de-fondos-a-junta-distrital-de-santiago-oeste-video","status":"publish","type":"post","link":"https:\/\/hormigaradio.com\/?p=11083","title":{"rendered":"ABINADER CALIFICA DE ABUSO FALTA DE SUMINISTRO DE FONDOS A JUNTA DISTRITAL DE SANTIAGO OESTE (v\u00eddeo)"},"content":{"rendered":"<div class=\"article-body-content\">\n<p>Por\u00a0<a class=\"text-font font-700\" href=\"https:\/\/acento.com.do\/autor\/index.html?user_slug=mlaureano\">M\u00c1XIMO LAUREANO<\/a><\/p>\n<p>SANTIAGO DE LOS CABALLEROS, Rep\u00fablica Dominicana.- El presidente de la Rep\u00fablica, Luis Abinader, calific\u00f3 como un abuso que hasta la fecha no se hayan entregado los fondos que correspondan a la Junta Distrital de Santiago Oeste.<\/p>\n<p>El mandatario encarg\u00f3 a Jos\u00e9 Paliza, ministro de la Presidencia, agilizar la entrega de las partidas, a partir del per\u00edodo que establece la ley.<\/p>\n<p>Abinader asegur\u00f3 que se priorizar\u00e1n las obras solicitada por el director distrital Eddy B\u00e1ez, para hacerla de manera inmediata.<\/p>\n<p>Agreg\u00f3 que con las dem\u00e1s obra se har\u00e1 una agenda, de acuerdo la importancia.<\/p>\n<p>Esto incluye el problema del agua potable y la construcci\u00f3n de un boulevard en el canal de riego de Cienfuegos.<\/p>\n<p>Sobre la petici\u00f3n del padre Javier B\u00e1ez y el director distrital de llevar Santiago Oeste de distrito a municipio, el mandatario dijo que lo primero es atender las obras y luego evaluar esa posibilidad de la elevaci\u00f3n de categor\u00eda.<\/p>\n<div class=\"videocontainer\">\n<div id=\"video12\" class=\"video-js vjs-default-skin vjs-paused vjs-controls-enabled vjs-workinghover vjs-v6 vjs-youtube video12-dimensions vjs-user-inactive\" lang=\"es-es\" role=\"region\" data-path=\"_G0no52ThRg&amp;t\" data-vjsplayer=\"\" aria-label=\"Video Player\">\n<div>\n<p><iframe loading=\"lazy\" id=\"video12_Youtube_api\" class=\"vjs-tech\" title=\"YouTube video player\" src=\"https:\/\/www.youtube.com\/embed\/_G0no52ThRg?controls=0&amp;modestbranding=1&amp;rel=0&amp;showinfo=0&amp;loop=0&amp;fs=0&amp;hl=es&amp;enablejsapi=1&amp;origin=https%3A%2F%2Facento.com.do&amp;widgetid=1\" width=\"640\" height=\"360\" frameborder=\"0\" allowfullscreen=\"allowfullscreen\" data-mce-fragment=\"1\"><\/iframe><\/p>\n<div class=\"vjs-iframe-blocker\"><\/div>\n<\/div>\n<\/div>\n<\/div>\n<\/div>\n<p>Impactos: 117<\/p>","protected":false},"excerpt":{"rendered":"<p>Por\u00a0M\u00c1XIMO LAUREANO SANTIAGO DE LOS CABALLEROS, Rep\u00fablica Dominicana.- El presidente de la Rep\u00fablica, Luis Abinader, calific\u00f3 como un abuso que hasta la fecha no<\/p>\n","protected":false},"author":3,"featured_media":11086,"comment_status":"open","ping_status":"closed","sticky":false,"template":"","format":"standard","meta":[],"categories":[3],"tags":[],"_links":{"self":[{"href":"https:\/\/hormigaradio.com\/index.php?rest_route=\/wp\/v2\/posts\/11083"}],"collection":[{"href":"https:\/\/hormigaradio.com\/index.php?rest_route=\/wp\/v2\/posts"}],"about":[{"href":"https:\/\/hormigaradio.com\/index.php?rest_route=\/wp\/v2\/types\/post"}],"author":[{"embeddable":true,"href":"https:\/\/hormigaradio.com\/index.php?rest_route=\/wp\/v2\/users\/3"}],"replies":[{"embeddable":true,"href":"https:\/\/hormigaradio.com\/index.php?rest_route=%2Fwp%2Fv2%2Fcomments&post=11083"}],"version-history":[{"count":4,"href":"https:\/\/hormigaradio.com\/index.php?rest_route=\/wp\/v2\/posts\/11083\/revisions"}],"predecessor-version":[{"id":11088,"href":"https:\/\/hormigaradio.com\/index.php?rest_route=\/wp\/v2\/posts\/11083\/revisions\/11088"}],"wp:featuredmedia":[{"embeddable":true,"href":"https:\/\/hormigaradio.com\/index.php?rest_route=\/wp\/v2\/media\/11086"}],"wp:attachment":[{"href":"https:\/\/hormigaradio.com\/index.php?rest_route=%2Fwp%2Fv2%2Fmedia&parent=11083"}],"wp:term":[{"taxonomy":"category","embeddable":true,"href":"https:\/\/hormigaradio.com\/index.php?rest_route=%2Fwp%2Fv2%2Fcategories&post=11083"},{"taxonomy":"post_tag","embeddable":true,"href":"https:\/\/hormigaradio.com\/index.php?rest_route=%2Fwp%2Fv2%2Ftags&post=11083"}],"curies":[{"name":"wp","href":"https:\/\/api.w.org\/{rel}","templated":true}]}}