{"id":11089,"date":"2020-09-13T18:34:03","date_gmt":"2020-09-13T18:34:03","guid":{"rendered":"http:\/\/hormigaradio.com\/?p=11089"},"modified":"2020-09-13T18:34:12","modified_gmt":"2020-09-13T18:34:12","slug":"colectivo-mujeres-exige-al-presidente-abinader-apoyar-las-tres-causales","status":"publish","type":"post","link":"https:\/\/hormigaradio.com\/?p=11089","title":{"rendered":"COLECTIVO MUJERES EXIGE AL PRESIDENTE ABINADER APOYAR LAS TRES CAUSALES"},"content":{"rendered":"<div class=\"article-body-content\">\n<p>Por\u00a0<a class=\"text-font font-700\" href=\"https:\/\/acento.com.do\/autor\/index.html?user_slug=mlaureano\">M\u00c1XIMO LAUREANO<\/a><\/p>\n<p>SANTIAGO DE LOS CABALLEROS, Rep\u00fablica Dominicana.- Un grupo de mujeres, voces de\u00a0distintas organizaciones, solicitaron al presidente, Luis Abinader Corona, escuchar el clamor de la poblaci\u00f3n que apoya la aprobaci\u00f3n del C\u00f3digo Penal con la inclusi\u00f3n del aborto en tres causales.<\/p>\n<p>Con carteles, las activistas se ubicaron en la avenida Bartolom\u00e9 Col\u00f3n,\u00a0frente a las oficinas de APEDI, donde se desarrollaba el Consejo de\u00a0Ministro del Gobierno y desde all\u00ed hicieron sentir su clamor.<\/p>\n<picture class=\"image\"><img loading=\"lazy\" src=\"https:\/\/acento.com.do\/media\/storage02\/uploads\/2020\/09\/CAF_2308.jpg\" alt=\"\" width=\"2992\" height=\"2000\" \/><\/picture>El objetivo de la manifestaci\u00f3n fue llevar el mensaje al presidente de la Rep\u00fablica,\u00a0a trav\u00e9s\u00a0del \u0308Plant\u00f3n 3 Causales, en favor de los derechos de las mujeres.<\/p>\n<p>El acto de reclamo fue encabezado por miembros de las organizaciones Cat\u00f3licas por el Derecho a Decidir Rep\u00fablica Dominicana, el N\u00facleo de Apoyo a la Mujer, el Movimiento Feminista Hermanas Mirabal, entre otras.<\/p>\n<p>\u201cLa democracia no ser\u00e1 real y efectiva si no se respetan los derechos de las mujeres. Le pedimos al presidente que honre su consigna de cambio apoyando el derecho de las mujeres a vivir, que las dominicanas, sobre todo las m\u00e1s pobres, no mueran por no tener alternativas seguras para llevar a t\u00e9rmino el embarazo\u201d, manifest\u00f3 Elizabeth V\u00e9lez Vargas de la organizaci\u00f3n Cat\u00f3licas por el Derecho a Decidir<\/p>\n<\/div>\n<div id=\"tags\" class=\"tags flex-container align-center flex-wrap\"><\/div>\n<p>Impactos: 77<\/p>","protected":false},"excerpt":{"rendered":"<p>Por\u00a0M\u00c1XIMO LAUREANO SANTIAGO DE LOS CABALLEROS, Rep\u00fablica Dominicana.- Un grupo de mujeres, voces de\u00a0distintas organizaciones, solicitaron al presidente, Luis Abinader Corona, escuchar el clamor<\/p>\n","protected":false},"author":3,"featured_media":11090,"comment_status":"open","ping_status":"closed","sticky":false,"template":"","format":"standard","meta":[],"categories":[8],"tags":[],"_links":{"self":[{"href":"https:\/\/hormigaradio.com\/index.php?rest_route=\/wp\/v2\/posts\/11089"}],"collection":[{"href":"https:\/\/hormigaradio.com\/index.php?rest_route=\/wp\/v2\/posts"}],"about":[{"href":"https:\/\/hormigaradio.com\/index.php?rest_route=\/wp\/v2\/types\/post"}],"author":[{"embeddable":true,"href":"https:\/\/hormigaradio.com\/index.php?rest_route=\/wp\/v2\/users\/3"}],"replies":[{"embeddable":true,"href":"https:\/\/hormigaradio.com\/index.php?rest_route=%2Fwp%2Fv2%2Fcomments&post=11089"}],"version-history":[{"count":1,"href":"https:\/\/hormigaradio.com\/index.php?rest_route=\/wp\/v2\/posts\/11089\/revisions"}],"predecessor-version":[{"id":11091,"href":"https:\/\/hormigaradio.com\/index.php?rest_route=\/wp\/v2\/posts\/11089\/revisions\/11091"}],"wp:featuredmedia":[{"embeddable":true,"href":"https:\/\/hormigaradio.com\/index.php?rest_route=\/wp\/v2\/media\/11090"}],"wp:attachment":[{"href":"https:\/\/hormigaradio.com\/index.php?rest_route=%2Fwp%2Fv2%2Fmedia&parent=11089"}],"wp:term":[{"taxonomy":"category","embeddable":true,"href":"https:\/\/hormigaradio.com\/index.php?rest_route=%2Fwp%2Fv2%2Fcategories&post=11089"},{"taxonomy":"post_tag","embeddable":true,"href":"https:\/\/hormigaradio.com\/index.php?rest_route=%2Fwp%2Fv2%2Ftags&post=11089"}],"curies":[{"name":"wp","href":"https:\/\/api.w.org\/{rel}","templated":true}]}}