{"id":11095,"date":"2020-10-01T01:13:21","date_gmt":"2020-10-01T01:13:21","guid":{"rendered":"http:\/\/hormigaradio.com\/?p=11095"},"modified":"2020-10-01T01:14:17","modified_gmt":"2020-10-01T01:14:17","slug":"abinader-suspende-a-viceministros-y-directores-por-no-declarar-bienes","status":"publish","type":"post","link":"https:\/\/hormigaradio.com\/?p=11095","title":{"rendered":"ABINADER SUSPENDE A VICEMINISTROS Y DIRECTORES POR NO DECLARAR BIENES"},"content":{"rendered":"<div class=\"article-body-content\">\n<p>Por\u00a0<a class=\"text-font font-700\" href=\"https:\/\/acento.com.do\/autor\/index.html?user_slug=servicios\">SERVICIOS DE ACENTO.COM.DO<\/a><\/p>\n<\/div>\n<figure style=\"width: 1024px\" class=\"wp-caption alignnone\"><img loading=\"lazy\" src=\"https:\/\/acento.com.do\/media\/storage02\/uploads\/2020\/09\/WhatsApp-Image-2020-09-28-at-1.59.12-PM.jpeg\" alt=\"\" width=\"1024\" height=\"576\" data-desktop=\"https:\/\/acento.com.do\/media\/storage02\/uploads\/2020\/09\/WhatsApp-Image-2020-09-28-at-1.59.12-PM.jpeg\" data-mobile=\"https:\/\/acento.com.do\/media\/storage02\/uploads\/2020\/09\/WhatsApp-Image-2020-09-28-at-1.59.12-PM.jpeg\" \/><figcaption class=\"wp-caption-text\"><em><strong>Luis Abinader.<\/strong><\/em><\/figcaption><\/figure>\n<p>SANTO DOMINGO, Rep\u00fablica Dominicana.- El presidente de la Rep\u00fablica Luis Abinader firm\u00f3 hoy una orden que dispone que dos viceministros de Agricultura y seis directores de ese mismo Ministerio y de otras dependencias p\u00fablicas sean castigados con la suspensi\u00f3n provisional de sus cargos y sin disfrute de sueldo por no declarar sus bienes patrimoniales.<\/p>\n<div class=\"article-body-content\">\n<p>Estos funcionarios son advertidos, adem\u00e1s, que &#8220;deben proceder a dar cumplimiento inmediato&#8221; con esa declaraci\u00f3n jurada de bienes o de lo contrario enfrentar\u00e1n las sanciones que dispone la ley frente a tal incumplimiento&#8221;.<\/p>\n<picture class=\"image\"><img loading=\"lazy\" src=\"https:\/\/acento.com.do\/media\/storage02\/uploads\/2020\/09\/525-20-1_page-0001.jpg\" alt=\"\" width=\"1269\" height=\"1644\" \/><\/picture><picture class=\"image\"><img loading=\"lazy\" src=\"https:\/\/acento.com.do\/media\/storage02\/uploads\/2020\/09\/525-20-1_page-0002.jpg\" alt=\"\" width=\"1269\" height=\"1646\" \/><\/picture>\n<\/div>\n<div id=\"tags\" class=\"tags flex-container align-center flex-wrap\"><\/div>\n<div id=\"comentarios\" class=\"\">\n<div id=\"comments1\" class=\"fb-comments hide fb_iframe_widget fb_iframe_widget_fluid_desktop\" data-href=\"https:\/\/acento.com.do\/actualidad\/abinader-suspende-a-viceministros-y-directores-por-no-declarar-bienes-8866471.html\" data-numposts=\"5\" data-width=\"728\"><\/div>\n<\/div>\n<p>Impactos: 98<\/p>","protected":false},"excerpt":{"rendered":"<p>Por\u00a0SERVICIOS DE ACENTO.COM.DO SANTO DOMINGO, Rep\u00fablica Dominicana.- El presidente de la Rep\u00fablica Luis Abinader firm\u00f3 hoy una orden que dispone que dos viceministros de<\/p>\n","protected":false},"author":3,"featured_media":11068,"comment_status":"open","ping_status":"closed","sticky":false,"template":"","format":"standard","meta":[],"categories":[6],"tags":[],"_links":{"self":[{"href":"https:\/\/hormigaradio.com\/index.php?rest_route=\/wp\/v2\/posts\/11095"}],"collection":[{"href":"https:\/\/hormigaradio.com\/index.php?rest_route=\/wp\/v2\/posts"}],"about":[{"href":"https:\/\/hormigaradio.com\/index.php?rest_route=\/wp\/v2\/types\/post"}],"author":[{"embeddable":true,"href":"https:\/\/hormigaradio.com\/index.php?rest_route=\/wp\/v2\/users\/3"}],"replies":[{"embeddable":true,"href":"https:\/\/hormigaradio.com\/index.php?rest_route=%2Fwp%2Fv2%2Fcomments&post=11095"}],"version-history":[{"count":2,"href":"https:\/\/hormigaradio.com\/index.php?rest_route=\/wp\/v2\/posts\/11095\/revisions"}],"predecessor-version":[{"id":11097,"href":"https:\/\/hormigaradio.com\/index.php?rest_route=\/wp\/v2\/posts\/11095\/revisions\/11097"}],"wp:featuredmedia":[{"embeddable":true,"href":"https:\/\/hormigaradio.com\/index.php?rest_route=\/wp\/v2\/media\/11068"}],"wp:attachment":[{"href":"https:\/\/hormigaradio.com\/index.php?rest_route=%2Fwp%2Fv2%2Fmedia&parent=11095"}],"wp:term":[{"taxonomy":"category","embeddable":true,"href":"https:\/\/hormigaradio.com\/index.php?rest_route=%2Fwp%2Fv2%2Fcategories&post=11095"},{"taxonomy":"post_tag","embeddable":true,"href":"https:\/\/hormigaradio.com\/index.php?rest_route=%2Fwp%2Fv2%2Ftags&post=11095"}],"curies":[{"name":"wp","href":"https:\/\/api.w.org\/{rel}","templated":true}]}}