{"id":11099,"date":"2020-10-01T02:16:08","date_gmt":"2020-10-01T02:16:08","guid":{"rendered":"http:\/\/hormigaradio.com\/?p=11099"},"modified":"2020-10-01T02:18:09","modified_gmt":"2020-10-01T02:18:09","slug":"la-familia-y-el-patron-del-acribillado-por-militar-reclaman-investigacion","status":"publish","type":"post","link":"https:\/\/hormigaradio.com\/?p=11099","title":{"rendered":"LA FAMILIA Y EL PATR\u00d3N DEL ACRIBILLADO POR MILITAR RECLAMAN INVESTIGACI\u00d3N"},"content":{"rendered":"<div class=\"article-body-content\">\n<p>Por\u00a0<a class=\"text-font font-700\" href=\"https:\/\/acento.com.do\/autor\/index.html?user_slug=mlaureano\">M\u00c1XIMO LAUREANO<\/a><\/p>\n<p>SANTIAGO DE LOS CABALLEROS.- Familiares, allegados y el patr\u00f3n de Edilio Antonio Cruz, quien muri\u00f3 acribillado por un militar en la comunidad de Laguna Grande, en el municipio de Villa La Isabela, provincia Puerto Plata, exigen a las autoridades que se haga una investigaci\u00f3n del caso.<\/p>\n<p>Las peticiones a las autoridades las encabeza el empresario Juan Brito, patr\u00f3n de Edilo Cruz, quien asume que no se trat\u00f3 de un chequeo militar como han dicho las autoridades, sino que se trat\u00f3 de un atentado.<\/p>\n<p>Tanto Brito como los familiares de la v\u00edctima exigen a la Polic\u00eda y al Ministerio P\u00fablico profundizar las investigaciones sobre la muerte de Edilio Antonio Cruz (el Indio), de 69 a\u00f1os de edad.<\/p>\n<p>Seg\u00fan la versi\u00f3n de la Armada de la Rep\u00fablica Dominicana, el soldado habr\u00eda disparado al veh\u00edculo (marca Toyota Land Cruiser, color gris, placa G442484) donde viajaba Cruz, porque el conductor se neg\u00f3 a detenerse cuando recibi\u00f3 la orden de hacerlo.<\/p>\n<p>En el municipio de Villa La Isabela rechazan esa versi\u00f3n.<\/p>\n<p>Brito, propietario del proyecto tur\u00edstico Villa Isabela, ha dicho que los militares que participaron en el hecho conoc\u00edan el veh\u00edculo, porque han estado en algunos de sus negocios, por lo que alega que no se trat\u00f3 de una acci\u00f3n de vigilancia de carretera, sino de un ataque previamente pensado<\/p>\n<\/div>\n<div id=\"tags\" class=\"tags flex-container align-center flex-wrap\"><\/div>\n<div id=\"relacionadas\" class=\"\">\n<p class=\"font-700\">NOTICIAS RELACIONADAS<\/p>\n<\/div>\n<p>Impactos: 111<\/p>","protected":false},"excerpt":{"rendered":"<p>Por\u00a0M\u00c1XIMO LAUREANO SANTIAGO DE LOS CABALLEROS.- Familiares, allegados y el patr\u00f3n de Edilio Antonio Cruz, quien muri\u00f3 acribillado por un militar en la comunidad<\/p>\n","protected":false},"author":3,"featured_media":11101,"comment_status":"open","ping_status":"closed","sticky":false,"template":"","format":"standard","meta":[],"categories":[3],"tags":[],"_links":{"self":[{"href":"https:\/\/hormigaradio.com\/index.php?rest_route=\/wp\/v2\/posts\/11099"}],"collection":[{"href":"https:\/\/hormigaradio.com\/index.php?rest_route=\/wp\/v2\/posts"}],"about":[{"href":"https:\/\/hormigaradio.com\/index.php?rest_route=\/wp\/v2\/types\/post"}],"author":[{"embeddable":true,"href":"https:\/\/hormigaradio.com\/index.php?rest_route=\/wp\/v2\/users\/3"}],"replies":[{"embeddable":true,"href":"https:\/\/hormigaradio.com\/index.php?rest_route=%2Fwp%2Fv2%2Fcomments&post=11099"}],"version-history":[{"count":2,"href":"https:\/\/hormigaradio.com\/index.php?rest_route=\/wp\/v2\/posts\/11099\/revisions"}],"predecessor-version":[{"id":11102,"href":"https:\/\/hormigaradio.com\/index.php?rest_route=\/wp\/v2\/posts\/11099\/revisions\/11102"}],"wp:featuredmedia":[{"embeddable":true,"href":"https:\/\/hormigaradio.com\/index.php?rest_route=\/wp\/v2\/media\/11101"}],"wp:attachment":[{"href":"https:\/\/hormigaradio.com\/index.php?rest_route=%2Fwp%2Fv2%2Fmedia&parent=11099"}],"wp:term":[{"taxonomy":"category","embeddable":true,"href":"https:\/\/hormigaradio.com\/index.php?rest_route=%2Fwp%2Fv2%2Fcategories&post=11099"},{"taxonomy":"post_tag","embeddable":true,"href":"https:\/\/hormigaradio.com\/index.php?rest_route=%2Fwp%2Fv2%2Ftags&post=11099"}],"curies":[{"name":"wp","href":"https:\/\/api.w.org\/{rel}","templated":true}]}}