{"id":11110,"date":"2020-10-02T13:02:12","date_gmt":"2020-10-02T13:02:12","guid":{"rendered":"http:\/\/hormigaradio.com\/?p=11110"},"modified":"2020-10-02T13:02:12","modified_gmt":"2020-10-02T13:02:12","slug":"exigen-rehabilitacion-de-planta-de-agua-residual-de-moca","status":"publish","type":"post","link":"https:\/\/hormigaradio.com\/?p=11110","title":{"rendered":"EXIGEN REHABILITACI\u00d3N DE PLANTA DE AGUA RESIDUAL DE MOCA"},"content":{"rendered":"<div class=\"article-body-content\">\n<p>Por\u00a0<a class=\"text-font font-700\" href=\"https:\/\/acento.com.do\/autor\/index.html?user_slug=mlaureano\">M\u00c1XIMO LAUREANO<\/a><\/p>\n<p>MOCA, Espaillat, Rep\u00fablica Dominicana.-Representativos de sectores del municipio de Moca, en la provincia Espaillat, exigen a las autoridades disponer la rehabilitaci\u00f3n de una planta de tratamiento de aguas residuales que est\u00e1 en desuso desde hace 25 a\u00f1os.<\/p>\n<p>Se quejan de que a pesar de las denuncias que han hecho, las autoridades no han tomado en cuenta el problema para buscar una soluci\u00f3n, mientras el agua residual corre por las calles de algunos barrios.<\/p>\n<div class=\"videocontainer\">\n<div id=\"video2\" class=\"video-js vjs-default-skin vjs-paused vjs-controls-enabled vjs-workinghover vjs-v6 vjs-youtube video2-dimensions vjs-user-inactive\" lang=\"es-es\" role=\"region\" data-path=\"2&amp;v\" data-vjsplayer=\"\" aria-label=\"Video Player\">\n<div><iframe loading=\"lazy\" id=\"video2_Youtube_api\" class=\"vjs-tech\" title=\"YouTube video player\" src=\"https:\/\/www.youtube.com\/embed\/null?controls=0&amp;modestbranding=1&amp;rel=0&amp;showinfo=0&amp;loop=0&amp;fs=0&amp;hl=es&amp;enablejsapi=1&amp;origin=https%3A%2F%2Facento.com.do&amp;widgetid=1\" width=\"640\" height=\"360\" frameborder=\"0\" allowfullscreen=\"allowfullscreen\" data-mce-fragment=\"1\"><\/iframe><\/p>\n<div class=\"vjs-iframe-blocker\"><\/div>\n<\/div>\n<div class=\"vjs-text-track-display\" aria-live=\"off\" aria-atomic=\"true\"><\/div>\n<p><button class=\"vjs-big-play-button\" title=\"Play Video\" type=\"button\" aria-live=\"polite\" aria-disabled=\"false\"><\/button><\/div>\n<\/div>\n<div class=\"videocontainer\">\n<div id=\"video3\" class=\"video-js vjs-default-skin vjs-paused vjs-controls-enabled vjs-workinghover vjs-v6 vjs-youtube vjs-user-inactive video3-dimensions\" lang=\"es-es\" role=\"region\" data-path=\"BalKmd2sYVE&amp;feature\" data-vjsplayer=\"\" aria-label=\"Video Player\">\n<div><iframe loading=\"lazy\" id=\"video3_Youtube_api\" class=\"vjs-tech\" title=\"YouTube video player\" src=\"https:\/\/www.youtube.com\/embed\/BalKmd2sYVE?controls=0&amp;modestbranding=1&amp;rel=0&amp;showinfo=0&amp;loop=0&amp;fs=0&amp;hl=es&amp;enablejsapi=1&amp;origin=https%3A%2F%2Facento.com.do&amp;widgetid=2\" width=\"640\" height=\"360\" frameborder=\"0\" allowfullscreen=\"allowfullscreen\" data-mce-fragment=\"1\"><\/iframe><\/p>\n<div class=\"vjs-iframe-blocker\"><\/div>\n<\/div>\n<div class=\"vjs-poster\" tabindex=\"-1\" aria-disabled=\"false\"><\/div>\n<div class=\"vjs-text-track-display\" aria-live=\"off\" aria-atomic=\"true\"><\/div>\n<p><button class=\"vjs-big-play-button\" title=\"Play Video\" type=\"button\" aria-live=\"polite\" aria-disabled=\"false\"><\/button><\/div>\n<\/div>\n<p>Algunos de los barrios m\u00e1s afectados por esta situaci\u00f3n son Barrios Viejo Puerto, Villa Bartola, La Espa\u00f1ola, La Flores, Guachupita, Los Mangos y parte del centro de la ciudad.<\/p>\n<p>Juan Compr\u00e9s (Juanchy), activista social del Movimiento Los Peregrinos, ha dicho que el tema ha sido tratado por las autoridades de los \u00faltimos 20 a\u00f1os en Moca, sin que\u00a0 hasta la fecha se haya tomado la decisi\u00f3n de buscar una soluci\u00f3n.<\/p>\n<p>Compr\u00e9s narra que se han hecho reuniones con las autoridades de la Corporaci\u00f3n de Acueducto y Alcantarillado de Moca (Moca) y el Ayuntamiento local y la representaci\u00f3n\u00a0 del\u00a0 Gobierno Central para presentarle el\u00a0 problema.<\/p>\n<p>\u201cYa son 25 a\u00f1os que la planta de tratamiento de agua residuales en el municipio de Moca no funciona. Llamamos a las autoridades del Ministerio de Medio Ambiente para que envi\u00e9 una comisi\u00f3n de t\u00e9cnicos para que hagan un estudio\u201d, reclama Juan Compr\u00e9s.<\/p>\n<p>Los vecinos de los barrios afectados atribuyen a la falta de funcionamiento de la planta un mayor registro de enfermedades como el dengue y las afecciones de la piel.<\/p>\n<picture class=\"image\"><img loading=\"lazy\" src=\"https:\/\/acento.com.do\/media\/storage02\/uploads\/2020\/10\/planta-tratamiento-3.jpg\" alt=\"\" width=\"960\" height=\"720\" \/><\/picture><\/div>\n<div id=\"tags\" class=\"tags flex-container align-center flex-wrap\"><a class=\"single-tag\" href=\"https:\/\/acento.com.do\/tags.html?tag=en-la-provincia-espaillat\">EN LA PROVINCIA ESPAILLAT<\/a><a class=\"single-tag\" href=\"https:\/\/acento.com.do\/tags.html?tag=municipio-de-moca\">MUNICIPIO DE MOCA<\/a><a class=\"single-tag\" href=\"https:\/\/acento.com.do\/tags.html?tag=planta-de-tratamiento-de-aguas-residuales\">PLANTA DE TRATAMIENTO DE AGUAS RESIDUA<\/a><\/div>\n<p>Impactos: 259<\/p>","protected":false},"excerpt":{"rendered":"<p>Por\u00a0M\u00c1XIMO LAUREANO MOCA, Espaillat, Rep\u00fablica Dominicana.-Representativos de sectores del municipio de Moca, en la provincia Espaillat, exigen a las autoridades disponer la rehabilitaci\u00f3n de<\/p>\n","protected":false},"author":3,"featured_media":11111,"comment_status":"open","ping_status":"closed","sticky":false,"template":"","format":"standard","meta":[],"categories":[3],"tags":[],"_links":{"self":[{"href":"https:\/\/hormigaradio.com\/index.php?rest_route=\/wp\/v2\/posts\/11110"}],"collection":[{"href":"https:\/\/hormigaradio.com\/index.php?rest_route=\/wp\/v2\/posts"}],"about":[{"href":"https:\/\/hormigaradio.com\/index.php?rest_route=\/wp\/v2\/types\/post"}],"author":[{"embeddable":true,"href":"https:\/\/hormigaradio.com\/index.php?rest_route=\/wp\/v2\/users\/3"}],"replies":[{"embeddable":true,"href":"https:\/\/hormigaradio.com\/index.php?rest_route=%2Fwp%2Fv2%2Fcomments&post=11110"}],"version-history":[{"count":1,"href":"https:\/\/hormigaradio.com\/index.php?rest_route=\/wp\/v2\/posts\/11110\/revisions"}],"predecessor-version":[{"id":11112,"href":"https:\/\/hormigaradio.com\/index.php?rest_route=\/wp\/v2\/posts\/11110\/revisions\/11112"}],"wp:featuredmedia":[{"embeddable":true,"href":"https:\/\/hormigaradio.com\/index.php?rest_route=\/wp\/v2\/media\/11111"}],"wp:attachment":[{"href":"https:\/\/hormigaradio.com\/index.php?rest_route=%2Fwp%2Fv2%2Fmedia&parent=11110"}],"wp:term":[{"taxonomy":"category","embeddable":true,"href":"https:\/\/hormigaradio.com\/index.php?rest_route=%2Fwp%2Fv2%2Fcategories&post=11110"},{"taxonomy":"post_tag","embeddable":true,"href":"https:\/\/hormigaradio.com\/index.php?rest_route=%2Fwp%2Fv2%2Ftags&post=11110"}],"curies":[{"name":"wp","href":"https:\/\/api.w.org\/{rel}","templated":true}]}}