{"id":11113,"date":"2020-10-02T17:51:21","date_gmt":"2020-10-02T17:51:21","guid":{"rendered":"http:\/\/hormigaradio.com\/?p=11113"},"modified":"2020-10-02T18:14:12","modified_gmt":"2020-10-02T18:14:12","slug":"direccion-teatro-cibao-justifica-cambio-imagen-alega-mal-interpretaron-cobros-uso-jardines-video","status":"publish","type":"post","link":"https:\/\/hormigaradio.com\/?p=11113","title":{"rendered":"DIRECCI\u00d3N  TEATRO CIBAO JUSTIFICA CAMBIO IMAGEN; ALEGA MAL INTERPRETARON  COBROS USO   JARDINES (v\u00eddeo)"},"content":{"rendered":"<p>Por\u00a0<a class=\"text-font font-700\" href=\"https:\/\/acento.com.do\/autor\/index.html?user_slug=mlaureano\">M\u00c1XIMO LAUREANO<\/a><\/p>\n<div class=\"article-body-content\">\n<p>SANTIAGO DE LOS CABALLEROS, Rep\u00fablica Dominicana.- La llegada de caras nuevas al Gran Teatro del Cibao (GTC) ha generado reacciones en la poblaci\u00f3n con medidas que van desde la regulaci\u00f3n (pagos) por el uso de los espacios externos (jardiner\u00eda), hasta un cambio de imagen institucional (logo) que ha sido rechazado por algunos sectores locales.<\/p>\n<picture class=\"image\"><img loading=\"lazy\" src=\"https:\/\/acento.com.do\/media\/storage02\/uploads\/2020\/10\/logo-nuevo-y-el-anterior.jpg\" alt=\"\" width=\"1372\" height=\"776\" \/><\/picture>Estas reacciones se han multiplicado en la comunicaci\u00f3n virtual, sin la excepci\u00f3n de sectores conservadores que han reaccionado alarmados y advierten sobre una presunta privatizaci\u00f3n de la instituci\u00f3n.<\/p>\n<p>Estos grupos han motorizado las manifestaciones en redes sociales, al punto que se atribuye a una \u00e9lite de clase media alta tener intenciones de secuestrar los espacios del Gran Teatro del Cibao, inaugurado en el \u00faltimo per\u00edodo presidencial de Joaqu\u00edn Antonio Balaguer Ricardo 1994-1996.<\/p>\n<p>En medio de las cr\u00edticas por las decisiones anunciadas y los debates est\u00e1 el actor Lu\u00eds Marcell Ricart Grull\u00f3n, la cabeza m\u00e1s visible de la nueva direcci\u00f3n de la instituci\u00f3n, a quien la poblaci\u00f3n ha identificado como\u00a0 responsable de los cambios en el GTC.<\/p>\n<picture class=\"image\"><img loading=\"lazy\" src=\"https:\/\/acento.com.do\/media\/storage02\/uploads\/2020\/10\/Luis-Marcell-Ricart-Grull%C3%B3n.jpg\" alt=\"\" width=\"1280\" height=\"934\" \/><\/picture>Para muchas voces que est\u00e1n del lado externo del cerco \u00a0de la instituci\u00f3n cultural, \u00a0el director Marcell Ricart Grull\u00f3n, representa la intenci\u00f3n de cambios para el teatro, cambios que aunque no han sintonizado con todos los sectores, est\u00e1n en marcha.<\/p>\n<div class=\"videocontainer\">\n<div id=\"video7\" class=\"video-js vjs-default-skin vjs-paused vjs-controls-enabled vjs-workinghover vjs-v6 vjs-youtube vjs-user-inactive video7-dimensions\" lang=\"es-es\" role=\"region\" data-path=\"eS_gdS4AS0s&amp;feature\" data-vjsplayer=\"\" aria-label=\"Video Player\">\n<div>\n<p><iframe loading=\"lazy\" id=\"video7_Youtube_api\" class=\"vjs-tech\" title=\"YouTube video player\" src=\"https:\/\/www.youtube.com\/embed\/eS_gdS4AS0s?controls=0&amp;modestbranding=1&amp;rel=0&amp;showinfo=0&amp;loop=0&amp;fs=0&amp;hl=es&amp;enablejsapi=1&amp;origin=https%3A%2F%2Facento.com.do&amp;widgetid=1\" width=\"640\" height=\"360\" frameborder=\"0\" allowfullscreen=\"allowfullscreen\" data-mce-fragment=\"1\"><\/iframe><\/p>\n<div class=\"vjs-iframe-blocker\"><\/div>\n<\/div>\n<div class=\"vjs-poster\" tabindex=\"-1\" aria-disabled=\"false\"><\/div>\n<div class=\"vjs-text-track-display\" aria-live=\"off\" aria-atomic=\"true\"><\/div>\n<p>&nbsp;<\/p>\n<\/div>\n<\/div>\n<p>Ricart Grull\u00f3n persigue el objetivo de lograr una transformaci\u00f3n en el teatro, desde\u00a0 el redise\u00f1o del\u00a0 \u00e1rea verde, \u00a0restablecimiento de los mobiliarios, con m\u00e1s de 15 a\u00f1os de uso,\u00a0 hasta \u00a0la agenda de actividades, que ser\u00edan presenciales, a partir de diciembre 2020, si las condiciones de la pandemia lo permiten.<\/p>\n<p>Ricart Grull\u00f3n, establece que\u00a0 la administraci\u00f3n est\u00e1 en su primer mes de trabajo, lo que considera es un proceso de\u00a0\u00a0 reorganizaci\u00f3n y evaluaci\u00f3n \u00a0para determinar que encontraron y saber que requieren para mantener en pie una instituci\u00f3n cuyo costo de mantenimiento es RD$ 500, 000.00\u00a0 mensuales, seg\u00fan afirma el funcionario.<\/p>\n<p>El funcionario ha denunciado que el Patronato que se cre\u00f3 para gestionar recursos y velar por el cuidado del\u00a0 GTC,\u00a0 no\u00a0 funciona en la actualidad. De ah\u00ed que agrega que el sector privado debe involucrarse, en el cuidado de la instituci\u00f3n.<\/p>\n<p>En relaci\u00f3n a los recursos Luis Marcell,\u00a0 ha dicho que las cuentas est\u00e1n en rojo,\u00a0 ya que la generaci\u00f3n de recursos est\u00e1 paralizada desde marzo, cuando\u00a0 inici\u00f3 la pandemia del coronavirus.<\/p>\n<picture class=\"image\"><img loading=\"lazy\" src=\"https:\/\/acento.com.do\/media\/storage02\/uploads\/2020\/10\/DSC_0513.jpg\" alt=\"\" width=\"2992\" height=\"2000\" \/><\/picture>Aclar\u00f3 que\u00a0 el GTC, est\u00e1 creado para autogestionar\u00a0recursos\u00a0 con las actividades, para el mantenimiento,\u00a0desde el\u00a0 Gobierno,\u00a0 se garantiza la n\u00f3mina, a trav\u00e9s del Ministerio de Cultura.<\/p>\n<div id=\"news-4-13\" class=\"banner-box dfp-async\" data-bannerdesktop=\"true\" data-bannermobile=\"true\"><\/div>\n<p>\u201cCuando llegamos encontramos que la administraci\u00f3n anterior\u00a0 hab\u00eda puesto la alfombra del primer nivel y se hab\u00edan corregido problemas como las filtraciones y la climatizaci\u00f3n \u00a0de la sala principal (Restauraci\u00f3n),\u00a0 dijo Marcell Ricart Grull\u00f3n, a la redacci\u00f3n de\u00a0<a href=\"http:\/\/acento.com.do\/\" data-saferedirecturl=\"https:\/\/www.google.com\/url?q=http:\/\/acento.com.do\/&amp;source=gmail&amp;ust=1601689144065000&amp;usg=AFQjCNE3SwdSnvmqDUyPzWabFCsS2n45fQ\">acento.com.do<\/a>.<\/p>\n<p>Agreg\u00f3 que adem\u00e1s de reponer los mobiliarios, en estos momentos tambi\u00e9n es prioridad la reparaci\u00f3n de los ba\u00f1os usados por el p\u00fablico, los cuales\u00a0 seg\u00fan evaluaciones tienen problemas con las tuber\u00edas internas, tambi\u00e9n est\u00e1 en agenda completar la sustituci\u00f3n de las alfombras en los pisos dos y tres.<\/p>\n<p>En la agenda\u00a0 de las\u00a0 de los primeros\u00a0 100 d\u00edas de gesti\u00f3n se suma una evaluaci\u00f3n a la estructura f\u00edsica del\u00a0 teatro por parte del Ministerio de Obras P\u00fablicas,\u00a0 ya que hay indicaciones t\u00e9cnicas en las cuales se establece que el edificio de 25 a\u00f1os de\u00a0 construcci\u00f3n, fue levantado encima de una corriente de aguas subterr\u00e1neas.<\/p>\n<p>\u201cOtra prioridad\u00a0 es mejorar los salarios, que hemos encontrado aqu\u00ed, porque los mismos no son salarios dignos\u201d, afirma\u00a0 Ricart Grull\u00f3n.<\/p>\n<p><strong>Defiende medidas.\u00a0\u00a0\u00a0\u00a0\u00a0\u00a0\u00a0\u00a0\u00a0\u00a0\u00a0\u00a0\u00a0\u00a0\u00a0\u00a0\u00a0\u00a0\u00a0\u00a0\u00a0\u00a0\u00a0\u00a0\u00a0\u00a0\u00a0\u00a0\u00a0\u00a0\u00a0\u00a0\u00a0\u00a0\u00a0\u00a0\u00a0<\/strong><\/p>\n<p>En relaci\u00f3n a establecer una\u00a0 cuota por el uso del \u00e1rea de jardiner\u00eda y el loby del local, cuyas medidas han generado reacciones diversas de la poblaci\u00f3n de Santiago, el director\u00a0 del Gran Teatro del Cibao, ha dicho, que el anuncio fue mal interpretado porque\u00a0 no se han establecido cobros, sino, que lo que se hablado es de\u00a0 una colaboraci\u00f3n voluntaria de los usuarios.<\/p>\n<p>En las redes sociales circul\u00f3 un anuncio en el cual se advert\u00eda que para\u00a0 tomar fotos y hacer filmaciones en los jardines y el loby del\u00a0 GTC, se requer\u00eda de un permiso, diligenciado al menos 24 horas antes, a lo que se sumaba un pago entre RD$ 2, 000.00 y RD$ 2, 500.00.<\/p>\n<p>El funcionario\u00a0 ha dicho que se trata de poner un control en el uso de las \u00e1reas de los espacios de la instituci\u00f3n y evitar que\u00a0 entren personas sin identificaci\u00f3n que luego no puedan responder por alg\u00fan da\u00f1o.<\/p>\n<p>\u201cDebi\u00e9ramos toda la ciudadan\u00eda ir en masa, para los jardines del Gran Teatro del Cibao, para tomarnos fotograf\u00edas\u201d, refiere el gestor cultural, Rafael Alm\u00e1nzar.<\/p>\n<p><strong>Cambio de imagen.<\/strong><\/p>\n<p>Luis Marcell Ricart Grull\u00f3n, justific\u00f3 que el cambio de imagen (logo) que se ha hecho en la instituci\u00f3n, el cual\u00a0 ha sido\u00a0 rechazado por muchos sectores que han explicado, que \u00a0el mismo no se corresponde con la identidad de la instituci\u00f3n.<\/p>\n<p>Ricart Grull\u00f3n, alega que as\u00ed como se han hecho cambios en otras instituciones, lo hecho con el GTC. Agreg\u00f3 que tras evaluaciones, convino que\u00a0 poner la\u00a0 fachada de la instituci\u00f3n, junto al s\u00edmbolo del Monumento a la Restauraci\u00f3n, que representa a Santiago y el Cibao, agrega\u00a0 valor al trabajo gr\u00e1fico.<\/p>\n<p>\u201cLa comunidad art\u00edstica y cultural de Santiago no est\u00e1 de acuerdo con el cambio del logo del Gran Teatro del Cibao. Es un dise\u00f1o carente de originalidad y creatividad que lo \u00fanico que se ha hecho es colocar encima del logo del Teatro Nacional Eduardo Brito el Monumento a los H\u00e9roes. El logo original del Gran Teatro del Cibao, dise\u00f1ado y donado por el renombrado y prestigioso arquitecto santiaguero Nelson Vi\u00f1as, hace 25 a\u00f1os por motivo de su apertura, re\u00fane los elementos gr\u00e1ficos apropiados en su simbolismo y ha identificado a la instituci\u00f3n durante todos estos a\u00f1os\u201d, ha opinado en el m\u00fasico Rafelito Mirabal, en su cuenta de Facebook.<\/p>\n<\/div>\n<div id=\"tags\" class=\"tags flex-container align-center flex-wrap\"><\/div>\n<p>Impactos: 116<\/p>","protected":false},"excerpt":{"rendered":"<p>Por\u00a0M\u00c1XIMO LAUREANO SANTIAGO DE LOS CABALLEROS, Rep\u00fablica Dominicana.- La llegada de caras nuevas al Gran Teatro del Cibao (GTC) ha generado reacciones en la<\/p>\n","protected":false},"author":3,"featured_media":11114,"comment_status":"open","ping_status":"closed","sticky":false,"template":"","format":"standard","meta":[],"categories":[9],"tags":[],"_links":{"self":[{"href":"https:\/\/hormigaradio.com\/index.php?rest_route=\/wp\/v2\/posts\/11113"}],"collection":[{"href":"https:\/\/hormigaradio.com\/index.php?rest_route=\/wp\/v2\/posts"}],"about":[{"href":"https:\/\/hormigaradio.com\/index.php?rest_route=\/wp\/v2\/types\/post"}],"author":[{"embeddable":true,"href":"https:\/\/hormigaradio.com\/index.php?rest_route=\/wp\/v2\/users\/3"}],"replies":[{"embeddable":true,"href":"https:\/\/hormigaradio.com\/index.php?rest_route=%2Fwp%2Fv2%2Fcomments&post=11113"}],"version-history":[{"count":4,"href":"https:\/\/hormigaradio.com\/index.php?rest_route=\/wp\/v2\/posts\/11113\/revisions"}],"predecessor-version":[{"id":11118,"href":"https:\/\/hormigaradio.com\/index.php?rest_route=\/wp\/v2\/posts\/11113\/revisions\/11118"}],"wp:featuredmedia":[{"embeddable":true,"href":"https:\/\/hormigaradio.com\/index.php?rest_route=\/wp\/v2\/media\/11114"}],"wp:attachment":[{"href":"https:\/\/hormigaradio.com\/index.php?rest_route=%2Fwp%2Fv2%2Fmedia&parent=11113"}],"wp:term":[{"taxonomy":"category","embeddable":true,"href":"https:\/\/hormigaradio.com\/index.php?rest_route=%2Fwp%2Fv2%2Fcategories&post=11113"},{"taxonomy":"post_tag","embeddable":true,"href":"https:\/\/hormigaradio.com\/index.php?rest_route=%2Fwp%2Fv2%2Ftags&post=11113"}],"curies":[{"name":"wp","href":"https:\/\/api.w.org\/{rel}","templated":true}]}}