{"id":11131,"date":"2020-10-03T19:41:08","date_gmt":"2020-10-03T19:41:08","guid":{"rendered":"http:\/\/hormigaradio.com\/?p=11131"},"modified":"2020-10-03T19:50:37","modified_gmt":"2020-10-03T19:50:37","slug":"investigan-fuga-interno-san-pedro-de-macoris-que-fue-reapresado","status":"publish","type":"post","link":"https:\/\/hormigaradio.com\/?p=11131","title":{"rendered":"INVESTIGAN FUGA INTERNO SAN PEDRO DE MACOR\u00cdS QUE FUE REAPRESADO"},"content":{"rendered":"<p><strong>Firma invitada\/Hormiga Radio Group.<\/strong><\/p>\n<p><span lang=\"ES-DO\">SANTO DOMINGO (Rep\u00fablica Dominicana).-La Coordinaci\u00f3n Nacional del Nuevo Modelo de Gesti\u00f3n Penitenciaria inform\u00f3 que autoridades policiales reapresaron este s\u00e1bado a un interno que se hab\u00eda escapado en horas de la madrugada del Centro de Correcci\u00f3n y Rehabilitaci\u00f3n de San Pedro de Macor\u00eds, hecho que origin\u00f3 la suspensi\u00f3n inmediata del personal responsable del recinto y la apertura de una investigaci\u00f3n.<\/span><\/p>\n<p><span lang=\"ES-DO\">El organismo especific\u00f3 que Enmanuel Ventura Tejeda, de 28 a\u00f1os de edad y condenado a dos a\u00f1os de prisi\u00f3n por robo, se fug\u00f3 a las 4:15 de la madrugada y m\u00e1s tarde fue devuelto por agentes de la Polic\u00eda Nacional que lo reapresaron en el centro de la ciudad.<\/span><\/p>\n<p><a href=\"http:\/\/hormigaradio.com\/?attachment_id=11134\" rel=\"attachment wp-att-11134\"><img loading=\"lazy\" class=\"alignleft size-medium wp-image-11134\" src=\"http:\/\/hormigaradio.com\/wp-content\/uploads\/2020\/10\/WhatsApp-Image-2020-10-03-at-3.46.43-PM-218x300.jpeg\" alt=\"\" width=\"218\" height=\"300\" srcset=\"https:\/\/hormigaradio.com\/wp-content\/uploads\/2020\/10\/WhatsApp-Image-2020-10-03-at-3.46.43-PM-218x300.jpeg 218w, https:\/\/hormigaradio.com\/wp-content\/uploads\/2020\/10\/WhatsApp-Image-2020-10-03-at-3.46.43-PM.jpeg 409w\" sizes=\"(max-width: 218px) 100vw, 218px\" \/><\/a><\/p>\n<p><span lang=\"ES-DO\">Las autoridades del Nuevo Modelo de Gesti\u00f3n Penitenciaria, encabezado por Hilda Patricia Lagombra Polanco, abrieron una investigaci\u00f3n sobre las circunstancias en que se produjo la evasi\u00f3n, para determinar responsabilidades y recomendar las medidas a tomar.<\/span><\/p>\n<p><span lang=\"ES-DO\">El equipo investigativo est\u00e1 integrado por Yeny Olga Hern\u00e1ndez, supervisora Regional Este, quien la preside; \u00c1ngel Aquino, supervisor Regional Sur, as\u00ed como Amado Cabrera Garc\u00eda, director de Vigilancia y Tratamiento Penitenciario (VTP)\u00a0 y encargado de Asuntos Internos.<\/span><\/p>\n<p><span lang=\"ES-DO\">De forma preliminar, suspendieron con disfrute de sueldos al subdirector, supervisores y encargados del centro, mientras se identifican las responsabilidades sobre el hecho.<\/span><\/p>\n<p><span lang=\"ES-DO\">En adici\u00f3n a estas medidas, la Coordinaci\u00f3n Nacional del Nuevo Modelo Penitenciario instruy\u00f3 al subcoordinador de Seguridad que realice un levantamiento del personal de seguridad del centro para evaluar la necesidad de una reingenier\u00eda que permita tener mayor control y apego a los procedimientos.<\/span><\/p>\n<p><span lang=\"ES-DO\">De igual forma instruy\u00f3 a los directores de todos los centros de correcci\u00f3n y rehabilitaci\u00f3n a mantenerse alerta y velar por el cumplimento de los protocolos de seguridad que permitan prevenir fugas, motines, ri\u00f1as o cualquier otro incidente.<\/span><\/p>\n<p>Impactos: 67<\/p>","protected":false},"excerpt":{"rendered":"<p>Firma invitada\/Hormiga Radio Group. SANTO DOMINGO (Rep\u00fablica Dominicana).-La Coordinaci\u00f3n Nacional del Nuevo Modelo de Gesti\u00f3n Penitenciaria inform\u00f3 que autoridades policiales reapresaron este s\u00e1bado a<\/p>\n","protected":false},"author":3,"featured_media":11134,"comment_status":"open","ping_status":"closed","sticky":false,"template":"","format":"standard","meta":[],"categories":[3],"tags":[],"_links":{"self":[{"href":"https:\/\/hormigaradio.com\/index.php?rest_route=\/wp\/v2\/posts\/11131"}],"collection":[{"href":"https:\/\/hormigaradio.com\/index.php?rest_route=\/wp\/v2\/posts"}],"about":[{"href":"https:\/\/hormigaradio.com\/index.php?rest_route=\/wp\/v2\/types\/post"}],"author":[{"embeddable":true,"href":"https:\/\/hormigaradio.com\/index.php?rest_route=\/wp\/v2\/users\/3"}],"replies":[{"embeddable":true,"href":"https:\/\/hormigaradio.com\/index.php?rest_route=%2Fwp%2Fv2%2Fcomments&post=11131"}],"version-history":[{"count":3,"href":"https:\/\/hormigaradio.com\/index.php?rest_route=\/wp\/v2\/posts\/11131\/revisions"}],"predecessor-version":[{"id":11135,"href":"https:\/\/hormigaradio.com\/index.php?rest_route=\/wp\/v2\/posts\/11131\/revisions\/11135"}],"wp:featuredmedia":[{"embeddable":true,"href":"https:\/\/hormigaradio.com\/index.php?rest_route=\/wp\/v2\/media\/11134"}],"wp:attachment":[{"href":"https:\/\/hormigaradio.com\/index.php?rest_route=%2Fwp%2Fv2%2Fmedia&parent=11131"}],"wp:term":[{"taxonomy":"category","embeddable":true,"href":"https:\/\/hormigaradio.com\/index.php?rest_route=%2Fwp%2Fv2%2Fcategories&post=11131"},{"taxonomy":"post_tag","embeddable":true,"href":"https:\/\/hormigaradio.com\/index.php?rest_route=%2Fwp%2Fv2%2Ftags&post=11131"}],"curies":[{"name":"wp","href":"https:\/\/api.w.org\/{rel}","templated":true}]}}