{"id":11137,"date":"2020-10-03T20:09:13","date_gmt":"2020-10-03T20:09:13","guid":{"rendered":"http:\/\/hormigaradio.com\/?p=11137"},"modified":"2020-10-08T03:08:10","modified_gmt":"2020-10-08T03:08:10","slug":"dos-fallecidos-y-nueve-lesionados-por-explosion-envasadora-glp-en-licey","status":"publish","type":"post","link":"https:\/\/hormigaradio.com\/?p=11137","title":{"rendered":"DOS FALLECIDOS Y NUEVE LESIONADOS POR EXPLOSI\u00d3N ENVASADORA GLP EN LICEY"},"content":{"rendered":"<div class=\"article-body-content\">\n<p>Por\u00a0<a class=\"text-font font-700\" href=\"https:\/\/acento.com.do\/autor\/index.html?user_slug=mlaureano\">M\u00c1XIMO LAUREANO<\/a><\/p>\n<p><a href=\"http:\/\/hormigaradio.com\/?attachment_id=11138\" rel=\"attachment wp-att-11138\"><img loading=\"lazy\" class=\"alignleft wp-image-11138 size-large\" src=\"http:\/\/hormigaradio.com\/wp-content\/uploads\/2020\/10\/DSC_0003-1024x684.jpg\" alt=\"\" width=\"715\" height=\"478\" srcset=\"https:\/\/hormigaradio.com\/wp-content\/uploads\/2020\/10\/DSC_0003-1024x684.jpg 1024w, https:\/\/hormigaradio.com\/wp-content\/uploads\/2020\/10\/DSC_0003-300x201.jpg 300w, https:\/\/hormigaradio.com\/wp-content\/uploads\/2020\/10\/DSC_0003-768x513.jpg 768w\" sizes=\"(max-width: 715px) 100vw, 715px\" \/><\/a><\/p>\n<p>SANTIAGO DE LOS CABALLEROS, Rep\u00fablica Dominicana.-Las autoridade han reportado que son dos los fallecidos en la explosi\u00f3n de un tanque de almacenamiento de Gas Licuado de Petr\u00f3leo (GLP), de la estaci\u00f3n distribuidora Coopegas, ubicada en la carretera Pe\u00f1a, en el municipio de Licey al Medio.<\/p>\n<p>Los fallecidos identificados por las autoridades son Francisco Trinidad, de 66 a\u00f1os, quien trabajaba de vigilante, y Braylin Ulloa, un menor de edad residente en una de las casas de los alrededores de la estaci\u00f3n distribuidora de combustible.<\/p>\n<picture class=\"image\"><\/picture>El reporte oficial indica que son nueve las personas que resultaron con quemaduras de primer y tercer grados, como consecuencia del fuego originado por la explosi\u00f3n del tanque de almacenamiento de GLP.<\/p>\n<p>El Departamento T\u00e9cnico del Cuerpo de Bomberos y la Polic\u00eda Nacional tienen a su cargo la investigaci\u00f3n para determinar qu\u00e9 origin\u00f3 la explosi\u00f3n del tanque. La explosi\u00f3n ocurri\u00f3 a las 6:15 minutos de la ma\u00f1ana de este s\u00e1bado 3 de octubre del 2020.<\/p>\n<div id=\"news-4-13\" class=\"banner-box dfp-async\" data-bannerdesktop=\"true\" data-bannermobile=\"true\"><\/div>\n<picture class=\"image\"><img loading=\"lazy\" class=\"aligncenter\" src=\"https:\/\/m.psecn.photoshelter.com\/img-get\/I0000OSZPJIAhVqk\/s\/500\/I0000OSZPJIAhVqk.jpg\" width=\"927\" height=\"695\" \/><\/picture><strong>Personas afectadas<\/strong><\/p>\n<p>1-Julissa Ortiz, 26 a\u00f1os.<\/p>\n<p>2-Samuel Ulloa, 18 a\u00f1os.<\/p>\n<p>3-Juan Francisco Santos, 41 a\u00f1os<\/p>\n<p>4-Nilson Reyes, 70 a\u00f1os.<\/p>\n<p>5-Juana Bison\u00f3, 65 a\u00f1os.<\/p>\n<div id=\"news-4-25\" class=\"banner-box dfp-async\" data-bannerdesktop=\"true\" data-bannermobile=\"true\"><\/div>\n<p>6- Griselda Padilla. 37 a\u00f1os.<\/p>\n<p>7-Francisco Trinidad 66 a\u00f1os (fallecido).<\/p>\n<p><strong>Menores<\/strong><\/p>\n<div id=\"news-4-31\" class=\"banner-box dfp-async\" data-bannerdesktop=\"true\" data-bannermobile=\"true\"><\/div>\n<p>8-Emma Reyes 2 a\u00f1os.<\/p>\n<p>9-grissel Santos, 15 a\u00f1os<\/p>\n<p>10-Crismely Padilla, 11 a\u00f1os<\/p>\n<p>11-Braylin Ulloa (infante) fallecido.<\/p>\n<picture class=\"image\"><img loading=\"lazy\" class=\" aligncenter\" src=\"https:\/\/m.psecn.photoshelter.com\/img-get\/I0000qRLAYcUFlIE\/s\/500\/I0000qRLAYcUFlIE.jpg\" width=\"747\" height=\"560\" \/><\/picture>Las autoridades locales reportaron que los pacientes quemados fueron trasladados a la Uni\u00f3n M\u00e9dica del Norte, Hospital Metropolitano de Santiago, Hospital Jos\u00e9 Mar\u00eda Cabral y B\u00e1ez y Hospital Doctor Arturo Gull\u00f3n<\/p>\n<\/div>\n<div id=\"comentarios\" class=\"\">\n<div id=\"comments1\" class=\"fb-comments hide fb_iframe_widget fb_iframe_widget_fluid_desktop\" data-href=\"https:\/\/acento.com.do\/actualidad\/dos-fallecidos-y-nueve-lesionados-por-explosion-envasadora-glp-en-licey-8867498.html\" data-numposts=\"5\" data-width=\"728\"><\/div>\n<\/div>\n<p>Impactos: 272<\/p>","protected":false},"excerpt":{"rendered":"<p>Por\u00a0M\u00c1XIMO LAUREANO SANTIAGO DE LOS CABALLEROS, Rep\u00fablica Dominicana.-Las autoridade han reportado que son dos los fallecidos en la explosi\u00f3n de un tanque de almacenamiento<\/p>\n","protected":false},"author":3,"featured_media":11139,"comment_status":"open","ping_status":"closed","sticky":false,"template":"","format":"standard","meta":[],"categories":[3],"tags":[],"_links":{"self":[{"href":"https:\/\/hormigaradio.com\/index.php?rest_route=\/wp\/v2\/posts\/11137"}],"collection":[{"href":"https:\/\/hormigaradio.com\/index.php?rest_route=\/wp\/v2\/posts"}],"about":[{"href":"https:\/\/hormigaradio.com\/index.php?rest_route=\/wp\/v2\/types\/post"}],"author":[{"embeddable":true,"href":"https:\/\/hormigaradio.com\/index.php?rest_route=\/wp\/v2\/users\/3"}],"replies":[{"embeddable":true,"href":"https:\/\/hormigaradio.com\/index.php?rest_route=%2Fwp%2Fv2%2Fcomments&post=11137"}],"version-history":[{"count":2,"href":"https:\/\/hormigaradio.com\/index.php?rest_route=\/wp\/v2\/posts\/11137\/revisions"}],"predecessor-version":[{"id":11171,"href":"https:\/\/hormigaradio.com\/index.php?rest_route=\/wp\/v2\/posts\/11137\/revisions\/11171"}],"wp:featuredmedia":[{"embeddable":true,"href":"https:\/\/hormigaradio.com\/index.php?rest_route=\/wp\/v2\/media\/11139"}],"wp:attachment":[{"href":"https:\/\/hormigaradio.com\/index.php?rest_route=%2Fwp%2Fv2%2Fmedia&parent=11137"}],"wp:term":[{"taxonomy":"category","embeddable":true,"href":"https:\/\/hormigaradio.com\/index.php?rest_route=%2Fwp%2Fv2%2Fcategories&post=11137"},{"taxonomy":"post_tag","embeddable":true,"href":"https:\/\/hormigaradio.com\/index.php?rest_route=%2Fwp%2Fv2%2Ftags&post=11137"}],"curies":[{"name":"wp","href":"https:\/\/api.w.org\/{rel}","templated":true}]}}