{"id":11163,"date":"2020-10-06T18:30:51","date_gmt":"2020-10-06T18:30:51","guid":{"rendered":"http:\/\/hormigaradio.com\/?p=11163"},"modified":"2020-10-06T18:33:11","modified_gmt":"2020-10-06T18:33:11","slug":"explosion-gas-en-licey-3-los-fallecidos-critica-situacion-hospitalizados-santo-domingo-y-santiago-videos","status":"publish","type":"post","link":"https:\/\/hormigaradio.com\/?p=11163","title":{"rendered":"EXPLOSI\u00d3N GAS EN LICEY: 3 LOS FALLECIDOS; CR\u00cdTICA SITUACI\u00d3N HOSPITALIZADOS SANTO DOMINGO Y SANTIAGO (Videos)"},"content":{"rendered":"<div class=\"article-body-content\">\n<p>Por\u00a0<a class=\"text-font font-700\" href=\"https:\/\/acento.com.do\/autor\/index.html?user_slug=mlaureano\">M\u00c1XIMO LAUREANO<\/a><\/p>\n<p><iframe loading=\"lazy\"  id=\"_ytid_15091\" width=\"715\" height=\"402\"  data-origwidth=\"715\" data-origheight=\"402\"  src=\"https:\/\/www.youtube.com\/embed\/wWAw9C-633s?enablejsapi=1&#038;autoplay=0&#038;cc_load_policy=0&#038;iv_load_policy=1&#038;loop=0&#038;modestbranding=0&#038;rel=1&#038;fs=1&#038;playsinline=0&#038;autohide=2&#038;theme=dark&#038;color=red&#038;controls=1&#038;\" class=\"__youtube_prefs__\" title=\"YouTube player\"  allow=\"autoplay; encrypted-media\" allowfullscreen data-no-lazy=\"1\" data-skipgform_ajax_framebjll=\"\"><\/iframe><\/p>\n<p>SANTIAGO DE LOS CABALLEROS, Rep\u00fablica Dominicana.-Con la muerte de Griselda Padilla, de 37 a\u00f1os de edad, en la Unidad de Quemados del Hospital Luis Eduardo Aybar, en funcionamiento temporal en el hospital, Ney Arias Lora, suman tres las\u00a0 las v\u00edctimas por la explosi\u00f3n, ocurrida en una estaci\u00f3n distribuidora de Gas Licuado de Petr\u00f3leo (GLP), En Licey al Medio.<\/p>\n<p>El s\u00e1bado se reportaron las muertes de Francisco Trinidad, de 66 a\u00f1os de edad, vigilante de la empresa, y del ni\u00f1o\u00a0 Brailyn \u00a0Ulloa, residente en los alrededores de Coopegas, ambos murieron en el lugar del hecho.<\/p>\n<p>Este martes\u00a0 Eddy Bruno, director Unidad de Quemados del Luis E. Aybar, dijo que de las cuatro personas, tres hombres y una mujer, quedan tres\u00a0 ingresados en ventilaci\u00f3n mec\u00e1nica.\u00a0 Agreg\u00f3 que la situaci\u00f3n de estos pacientes\u00a0 es muy delicada, debido a que presentan\u00a0 un porcentaje de quemaduras muy alto.<\/p>\n<p>\u201cEn el caso de los pacientes de Licey, ah\u00ed tenemos problemas, son pacientes con bastante profundidad, \u00a0en los que el que menos tiene, tiene un 70 % (de quemaduras). Tenemos cuatro pacientes y tres de ellos est\u00e1n en ventilaci\u00f3n mec\u00e1nica\u201d, ha dicho el doctor Bruno.<\/p>\n<p>Agreg\u00f3 que hay dos pacientes internos en Santiago que no se han trasladado a Santo Domingo por falta de espacio.<\/p>\n<p>Fueron 11 los pacientes ingresados a los\u00a0 hospitales\u00a0 tras el incendio causado por la explosi\u00f3n de la\u00a0 estaci\u00f3n distribuidora de GLP, en el municipio de Licey al Medio.<\/p>\n<div id=\"news-4-13\" class=\"banner-box dfp-async\" data-bannerdesktop=\"true\" data-bannermobile=\"true\"><\/div>\n<div class=\"videocontainer\">\n<div id=\"video13\" class=\"video-js vjs-default-skin vjs-paused vjs-controls-enabled vjs-workinghover vjs-v6 vjs-youtube vjs-user-inactive video13-dimensions\" lang=\"es-es\" role=\"region\" data-path=\"xbV9GOdmEJc\" data-vjsplayer=\"\" aria-label=\"Video Player\">\n<div>\n<p><iframe loading=\"lazy\" id=\"video13_Youtube_api\" class=\"vjs-tech\" title=\"YouTube video player\" src=\"https:\/\/www.youtube.com\/embed\/xbV9GOdmEJc?controls=0&amp;modestbranding=1&amp;rel=0&amp;showinfo=0&amp;loop=0&amp;fs=0&amp;hl=es&amp;enablejsapi=1&amp;origin=https%3A%2F%2Facento.com.do&amp;widgetid=2\" width=\"640\" height=\"360\" frameborder=\"0\" allowfullscreen=\"allowfullscreen\" data-mce-fragment=\"1\"><\/iframe><\/p>\n<div class=\"vjs-iframe-blocker\"><\/div>\n<\/div>\n<div class=\"vjs-poster\" tabindex=\"-1\" aria-disabled=\"false\"><\/div>\n<div class=\"vjs-text-track-display\" aria-live=\"off\" aria-atomic=\"true\"><\/div>\n<p><button class=\"vjs-big-play-button\" title=\"Play Video\" type=\"button\" aria-live=\"polite\" aria-disabled=\"false\"><\/button>En cuanto a los menores que est\u00e1n en el hospital de atenci\u00f3n infantil Doctor Arturo Grull\u00f3n, su situaci\u00f3n es delicada, seg\u00fan reportes de este centro.<\/p>\n<\/div>\n<\/div>\n<p>Tambi\u00e9n se ha reportado que\u00a0 es de pron\u00f3stico reservado, la situaci\u00f3n de Samuel Ulloa de 19 a\u00f1os de edad, quien est\u00e1 en ventilaci\u00f3n mec\u00e1nica, en el Hospital Jos\u00e9 Mar\u00eda Cabral y B\u00e1ez, seg\u00fan confirm\u00f3 el director de\u00a0 este centro, Antonio Hilario Reyes.<\/p>\n<p>Hilario Ryes dijo que el paciente no\u00a0 ha sido trasladado, porque su condici\u00f3n es muy cr\u00edtica. El m\u00e9dico lament\u00f3 que en Santiago no haya una\u00a0 unidad de quemados para tratar a los adultos,\u00a0 raz\u00f3n por la cual\u00a0 los afectados deben ser trasladados a la capital.<\/p>\n<p><strong>Protestas<\/strong><\/p>\n<picture class=\"image\"><img loading=\"lazy\" src=\"https:\/\/acento.com.do\/media\/storage02\/uploads\/2020\/10\/Explosi%C3%B3n-gas-en-Licey-protesta.jpg\" alt=\"\" width=\"1080\" height=\"810\" \/><\/picture>Desde el s\u00e1bado los moradores del de Licey al Medio ha estado protestando para que se clausure de manera definitiva\u00a0 la\u00a0 estaci\u00f3n de GLP. Dijeron ya hubo otros accidentes, aunque no con las consecuencias graves del m\u00e1s reciente.<\/p>\n<p>La tarde de este lunes decenas de\u00a0 personas marcharon\u00a0 para exigir a las autoridades una investigaci\u00f3n de la situaci\u00f3n,\u00a0 para que se determine responsabilidad en el caso y se haga\u00a0 justicia.<\/p>\n<p>Las autoridades locales han manifestado que se ha iniciado la investigaci\u00f3n de lugar para determinar las causas de la explosi\u00f3n en la estaci\u00f3n. Las averiguaciones estar\u00edan a cargo del departamento t\u00e9cnico de los Bomberos de Licey al Medio.<\/p>\n<\/div>\n<p>Impactos: 86<\/p>","protected":false},"excerpt":{"rendered":"<p>Por\u00a0M\u00c1XIMO LAUREANO SANTIAGO DE LOS CABALLEROS, Rep\u00fablica Dominicana.-Con la muerte de Griselda Padilla, de 37 a\u00f1os de edad, en la Unidad de Quemados del<\/p>\n","protected":false},"author":3,"featured_media":11165,"comment_status":"open","ping_status":"closed","sticky":false,"template":"","format":"standard","meta":[],"categories":[3],"tags":[],"_links":{"self":[{"href":"https:\/\/hormigaradio.com\/index.php?rest_route=\/wp\/v2\/posts\/11163"}],"collection":[{"href":"https:\/\/hormigaradio.com\/index.php?rest_route=\/wp\/v2\/posts"}],"about":[{"href":"https:\/\/hormigaradio.com\/index.php?rest_route=\/wp\/v2\/types\/post"}],"author":[{"embeddable":true,"href":"https:\/\/hormigaradio.com\/index.php?rest_route=\/wp\/v2\/users\/3"}],"replies":[{"embeddable":true,"href":"https:\/\/hormigaradio.com\/index.php?rest_route=%2Fwp%2Fv2%2Fcomments&post=11163"}],"version-history":[{"count":2,"href":"https:\/\/hormigaradio.com\/index.php?rest_route=\/wp\/v2\/posts\/11163\/revisions"}],"predecessor-version":[{"id":11166,"href":"https:\/\/hormigaradio.com\/index.php?rest_route=\/wp\/v2\/posts\/11163\/revisions\/11166"}],"wp:featuredmedia":[{"embeddable":true,"href":"https:\/\/hormigaradio.com\/index.php?rest_route=\/wp\/v2\/media\/11165"}],"wp:attachment":[{"href":"https:\/\/hormigaradio.com\/index.php?rest_route=%2Fwp%2Fv2%2Fmedia&parent=11163"}],"wp:term":[{"taxonomy":"category","embeddable":true,"href":"https:\/\/hormigaradio.com\/index.php?rest_route=%2Fwp%2Fv2%2Fcategories&post=11163"},{"taxonomy":"post_tag","embeddable":true,"href":"https:\/\/hormigaradio.com\/index.php?rest_route=%2Fwp%2Fv2%2Ftags&post=11163"}],"curies":[{"name":"wp","href":"https:\/\/api.w.org\/{rel}","templated":true}]}}