{"id":11167,"date":"2020-10-07T17:30:42","date_gmt":"2020-10-07T17:30:42","guid":{"rendered":"http:\/\/hormigaradio.com\/?p=11167"},"modified":"2020-10-08T02:56:57","modified_gmt":"2020-10-08T02:56:57","slug":"cuatro-los-fallecidos-por-explosion-distribuidora-glp-licey-critica-situacon-pacientes-hosptalizados-videos","status":"publish","type":"post","link":"https:\/\/hormigaradio.com\/?p=11167","title":{"rendered":"SEIS LOS FALLECIDOS POR EXPLOSI\u00d3N DISTRIBUIDORA  GLP LICEY; CR\u00cdTICA SITUAC\u00d3N PACIENTES HOSPTALIZADOS (videos)"},"content":{"rendered":"<div class=\"article-body-content\">\n<p>Por\u00a0<a class=\"text-font font-700\" href=\"https:\/\/acento.com.do\/autor\/index.html?user_slug=mlaureano\">M\u00c1XIMO LAUREANO<\/a><\/p>\n<p>SANTIAGO DE LOS CABALLEROS, Rep\u00fablica Dominicana.- La direcci\u00f3n de la Unidad de Quemados del Hospital Luis Eduardo Aybar, en funcionamiento temporal en el hospital, Ney Arias Lora, confirmaron este mi\u00e9rcoles la muerte de una cuarta persona,\u00a0v\u00edctima de la explosi\u00f3n ocurrida en una estaci\u00f3n distribuidora de Gas Licuado de Petr\u00f3leo (GLP), en Licey al Medio.<\/p>\n<p>Se trata de Francisco de los Santos, de 41 a\u00f1os de edad, quien\u00a0hab\u00eda sufrido quemaduras en el 80 % de su cuerpo.\u00a0 tambi\u00e9n se ha reportado la muerte\u00a0 el\u00a0 joven Nelson Javier Osoria y la se\u00f1ora\u00a0 Juana Bison\u00f3. ambos internos en la capital.<\/p>\n<p>Eddy Bruno, director de la Unidad de Quemados del Luis E. Aybar, inform\u00f3e\u00a0 en hora de la ma\u00f1ana, que la situaci\u00f3n de los pacientes que siguen en ventilaci\u00f3n mec\u00e1nica, contin\u00faa siendo cr\u00edtica.<\/p>\n<p>El s\u00e1bado se reportaron las muertes de Francisco Trinidad, de 66 a\u00f1os de edad, vigilante de la empresa, y del ni\u00f1o Brailyn\u00a0Ulloa,\u00a0residente en los alrededores de la distribuidora\u00a0GLP Coopegas. Ambos murieron en el lugar del hecho.<\/p>\n<p>Por otra parte, Griselda Padilla, de 37 a\u00f1os de edad, falleci\u00f3 en Santo Domingo, al igual que la v\u00edctima reportada este mi\u00e9rcoles por Bruno.<\/p>\n<p>En otro orden, el funcionario se refiri\u00f3 al caso de Yocairi Amarante Rodr\u00edguez, quien fuera afectada\u00a0en su rostro,\u00a0tras lanzarle un producto qu\u00edmico conocido como \u201c\u00e1cido del diablo\u201d, la semana pasada.\u00a0 Sobre la joven, indic\u00f3 que contin\u00faa bajo evaluaci\u00f3n para fines de procedimiento quir\u00fargico.<\/p>\n<div class=\"videocontainer\">\n<div id=\"video12\" class=\"video-js vjs-default-skin vjs-paused vjs-controls-enabled vjs-workinghover vjs-v6 vjs-youtube vjs-user-inactive video12-dimensions\" lang=\"es-es\" role=\"region\" data-path=\"kzYY0qB2nck\" data-vjsplayer=\"\" aria-label=\"Video Player\">\n<div>\n<p><iframe loading=\"lazy\" id=\"video12_Youtube_api\" class=\"vjs-tech\" title=\"YouTube video player\" src=\"https:\/\/www.youtube.com\/embed\/kzYY0qB2nck?controls=0&amp;modestbranding=1&amp;rel=0&amp;showinfo=0&amp;loop=0&amp;fs=0&amp;hl=es&amp;enablejsapi=1&amp;origin=https%3A%2F%2Facento.com.do&amp;widgetid=1\" width=\"640\" height=\"360\" frameborder=\"0\" allowfullscreen=\"allowfullscreen\" data-mce-fragment=\"1\"><\/iframe><\/p>\n<div class=\"vjs-iframe-blocker\"><\/div>\n<\/div>\n<div class=\"vjs-poster\" tabindex=\"-1\" aria-disabled=\"false\"><\/div>\n<p><button class=\"vjs-big-play-button\" title=\"Play Video\" type=\"button\" aria-live=\"polite\" aria-disabled=\"false\">\u00a0<\/button><\/p>\n<\/div>\n<\/div>\n<\/div>\n<div id=\"relacionadas\" class=\"\">\n<p class=\"font-700\">NOTICIAS RELACIONADAS<\/p>\n<article>\n<h3 class=\"title-font\"><a href=\"https:\/\/acento.com.do\/actualidad\/explosion-gas-en-licey-suman-3-los-fallecidos-8868657.html\">Explosi\u00f3n gas en Licey: Suman 3 los fallecidos<\/a><\/h3>\n<\/article>\n<article>\n<h3 class=\"title-font\"><a href=\"https:\/\/acento.com.do\/actualidad\/ministro-visita-a-victima-del-acido-del-diablo-y-de-explosion-en-planta-de-glp-8868422.html\">Ministro visita a v\u00edctima del \u201c\u00e1cido del diablo\u201d y de explosi\u00f3n en planta de GLP<\/a><\/h3>\n<\/article>\n<article>\n<h3 class=\"title-font\"><a href=\"https:\/\/acento.com.do\/actualidad\/dos-fallecidos-y-nueve-lesionados-por-explosion-envasadora-glp-en-licey-8867498.html\">Dos fallecidos y nueve lesionados por explosi\u00f3n envasadora GLP en Licey<\/a><\/h3>\n<\/article>\n<article>\n<h3 class=\"title-font\"><a href=\"https:\/\/acento.com.do\/actualidad\/explosion-en-planta-gas-glp-en-licey-al-medio-8867378.html\">Explosi\u00f3n en planta gas GLP en Licey al Medio<\/a><\/h3>\n<\/article>\n<\/div>\n<p>Impactos: 83<\/p>","protected":false},"excerpt":{"rendered":"<p>Por\u00a0M\u00c1XIMO LAUREANO SANTIAGO DE LOS CABALLEROS, Rep\u00fablica Dominicana.- La direcci\u00f3n de la Unidad de Quemados del Hospital Luis Eduardo Aybar, en funcionamiento temporal en<\/p>\n","protected":false},"author":3,"featured_media":11139,"comment_status":"open","ping_status":"closed","sticky":false,"template":"","format":"standard","meta":[],"categories":[3],"tags":[],"_links":{"self":[{"href":"https:\/\/hormigaradio.com\/index.php?rest_route=\/wp\/v2\/posts\/11167"}],"collection":[{"href":"https:\/\/hormigaradio.com\/index.php?rest_route=\/wp\/v2\/posts"}],"about":[{"href":"https:\/\/hormigaradio.com\/index.php?rest_route=\/wp\/v2\/types\/post"}],"author":[{"embeddable":true,"href":"https:\/\/hormigaradio.com\/index.php?rest_route=\/wp\/v2\/users\/3"}],"replies":[{"embeddable":true,"href":"https:\/\/hormigaradio.com\/index.php?rest_route=%2Fwp%2Fv2%2Fcomments&post=11167"}],"version-history":[{"count":3,"href":"https:\/\/hormigaradio.com\/index.php?rest_route=\/wp\/v2\/posts\/11167\/revisions"}],"predecessor-version":[{"id":11170,"href":"https:\/\/hormigaradio.com\/index.php?rest_route=\/wp\/v2\/posts\/11167\/revisions\/11170"}],"wp:featuredmedia":[{"embeddable":true,"href":"https:\/\/hormigaradio.com\/index.php?rest_route=\/wp\/v2\/media\/11139"}],"wp:attachment":[{"href":"https:\/\/hormigaradio.com\/index.php?rest_route=%2Fwp%2Fv2%2Fmedia&parent=11167"}],"wp:term":[{"taxonomy":"category","embeddable":true,"href":"https:\/\/hormigaradio.com\/index.php?rest_route=%2Fwp%2Fv2%2Fcategories&post=11167"},{"taxonomy":"post_tag","embeddable":true,"href":"https:\/\/hormigaradio.com\/index.php?rest_route=%2Fwp%2Fv2%2Ftags&post=11167"}],"curies":[{"name":"wp","href":"https:\/\/api.w.org\/{rel}","templated":true}]}}