{"id":11185,"date":"2020-10-11T16:58:27","date_gmt":"2020-10-11T16:58:27","guid":{"rendered":"http:\/\/hormigaradio.com\/?p=11185"},"modified":"2020-10-12T11:12:23","modified_gmt":"2020-10-12T11:12:23","slug":"cinco-fallecidos-en-accidente-autopista-duarte-entre-estos-el-periodista-jose-torres","status":"publish","type":"post","link":"https:\/\/hormigaradio.com\/?p=11185","title":{"rendered":"CINCO FALLECIDOS EN  ACCIDENTE AUTOPISTA DUARTE, ENTRE ESTOS EL PERIODISTA JOS\u00c9 TORRES"},"content":{"rendered":"<div class=\"article-body-content\"><a class=\"text-font font-700\" href=\"https:\/\/acento.com.do\/autor\/index.html?user_slug=servicios\">SERVICIOS DE ACENTO.COM.DO<\/a><\/div>\n<div id=\"comentarios\" class=\"\">\n<div id=\"comments1\" class=\"fb-comments hide fb_iframe_widget fb_iframe_widget_fluid_desktop\" data-href=\"https:\/\/acento.com.do\/noticias\/periodista-jose-torres-entre-los-heridos-de-accidente-en-la-vega-8870425.html\" data-numposts=\"5\" data-width=\"728\">\n<p>SANTO DOMINGO-.\u00a0El Departamento Aeroportuario (DA) explic\u00f3 este domingo las circunstancias en las que murieron cinco de sus servidores p\u00fablicos, incluido un miembro de la seguridad, en un accidente de tr\u00e1nsito. Todos estaban trabajando.<\/p>\n<p>El accidente mortal ocurri\u00f3 cuando el regresaba a Santo Domingo, luego de dejar juramentada la delegaci\u00f3n del aeropuerto Gregorio Luper\u00f3n, de Puerto Plata, acto encabezado por el director ejecutivo de la instituci\u00f3n, V\u00edctor Pichardo.<\/p>\n<p>&#8220;El accidente que le cost\u00f3 la vida a nuestros servidores ocurri\u00f3 pasadas las 8:00 de la noche, al deslizarse la jeepeta marca Chevrolet Tahoe Premier, color negro, mientras transitaban por la Autopista Duarte, en el Puente del sector Pont\u00f3n, La Vega, pr\u00f3ximo a la parada 7S&#8221;, explic\u00f3 la instituci\u00f3n en un comunicado de prensa. En el accidente, no hubo otros veh\u00edculos involucrados.<\/p>\n<p>Los fallecidos son\u00a0<a href=\"https:\/\/acento.com.do\/actualidad\/fallece-el-periodista-jose-torres-tras-accidente-de-transito-8870462.html\"><strong>Jos\u00e9 Domingo Torres<\/strong><\/a>, director de Comunicaciones;\u00a0<strong>Cristian Eduardo Victoria Contreras<\/strong>, Director de Tecnolog\u00eda;\u00a0<strong>Lu\u00eds Jaineiris F\u00e9liz F\u00e9liz<\/strong>, asistente del director del Departamento Aeroportuario;\u00a0<strong>Rafael Palm<\/strong>, conductor, y el cabo de la Fuerza A\u00e9rea,\u00a0<strong>Harler Fernando Lantigua Hidalgo<\/strong>. Tambi\u00e9n result\u00f3 herido el encargado administrativo, Edison Caonabo Soriano, quien recibe atenciones m\u00e9dicas y de quien se ha dicho se encuentra fuera de peligro.<\/p>\n<p>El director del Departamento Aeropuerto Aeroportuario, V\u00edctor Pichardo, expres\u00f3 su profundo sentimiento de pesar a los familiares de los fallecidos, a quienes calific\u00f3 como grandes amigos y compa\u00f1eros de trabajo, con conductas intachables y vocaci\u00f3n de servicio.<\/p>\n<p>Tambi\u00e9n lament\u00f3 el fallecimiento de los cinco empleados p\u00fablicos el presidente Luis Abinader, quien extern\u00f3 sus condolencias al director del Departamento Aeroportuario, V\u00edctor Pichardo, y a los familiares de los funcionarios de la instituci\u00f3n fallecidos.<\/p>\n<p>El mandatario expres\u00f3 las condolencias en su nombre y de todo el Gobierno. \u201cLamentamos mucho este accidente y las consecuencias fatales que nos enlutecen a todos\u201d, expres\u00f3 el presidente Abinader por medio de una nota enviada a trav\u00e9s de la Direcci\u00f3n de Informaci\u00f3n y Prensa de la Presidencia<\/p>\n<\/div>\n<\/div>\n<p>Impactos: 210<\/p>","protected":false},"excerpt":{"rendered":"<p>SERVICIOS DE ACENTO.COM.DO SANTO DOMINGO-.\u00a0El Departamento Aeroportuario (DA) explic\u00f3 este domingo las circunstancias en las que murieron cinco de sus servidores p\u00fablicos, incluido un<\/p>\n","protected":false},"author":3,"featured_media":11189,"comment_status":"open","ping_status":"closed","sticky":false,"template":"","format":"standard","meta":[],"categories":[3],"tags":[],"_links":{"self":[{"href":"https:\/\/hormigaradio.com\/index.php?rest_route=\/wp\/v2\/posts\/11185"}],"collection":[{"href":"https:\/\/hormigaradio.com\/index.php?rest_route=\/wp\/v2\/posts"}],"about":[{"href":"https:\/\/hormigaradio.com\/index.php?rest_route=\/wp\/v2\/types\/post"}],"author":[{"embeddable":true,"href":"https:\/\/hormigaradio.com\/index.php?rest_route=\/wp\/v2\/users\/3"}],"replies":[{"embeddable":true,"href":"https:\/\/hormigaradio.com\/index.php?rest_route=%2Fwp%2Fv2%2Fcomments&post=11185"}],"version-history":[{"count":4,"href":"https:\/\/hormigaradio.com\/index.php?rest_route=\/wp\/v2\/posts\/11185\/revisions"}],"predecessor-version":[{"id":11190,"href":"https:\/\/hormigaradio.com\/index.php?rest_route=\/wp\/v2\/posts\/11185\/revisions\/11190"}],"wp:featuredmedia":[{"embeddable":true,"href":"https:\/\/hormigaradio.com\/index.php?rest_route=\/wp\/v2\/media\/11189"}],"wp:attachment":[{"href":"https:\/\/hormigaradio.com\/index.php?rest_route=%2Fwp%2Fv2%2Fmedia&parent=11185"}],"wp:term":[{"taxonomy":"category","embeddable":true,"href":"https:\/\/hormigaradio.com\/index.php?rest_route=%2Fwp%2Fv2%2Fcategories&post=11185"},{"taxonomy":"post_tag","embeddable":true,"href":"https:\/\/hormigaradio.com\/index.php?rest_route=%2Fwp%2Fv2%2Ftags&post=11185"}],"curies":[{"name":"wp","href":"https:\/\/api.w.org\/{rel}","templated":true}]}}