{"id":11191,"date":"2020-10-12T13:07:37","date_gmt":"2020-10-12T13:07:37","guid":{"rendered":"http:\/\/hormigaradio.com\/?p=11191"},"modified":"2020-10-12T13:07:37","modified_gmt":"2020-10-12T13:07:37","slug":"danilo-medina-apuesta-por-un-pld-listo-para-la-batalla-primero-desde-la-oposicion-y-luego-en-el-gobierno","status":"publish","type":"post","link":"https:\/\/hormigaradio.com\/?p=11191","title":{"rendered":"DANILO MEDINA APUESTA POR UN PLD LISTO PARA LA BATALLA, PRIMERO DESDE LA OPOSICI\u00d3N Y LUEGO EN EL GOBIERNO"},"content":{"rendered":"<p>Por\u00a0<a class=\"text-font font-700\" href=\"https:\/\/acento.com.do\/autor\/index.html?user_slug=servicios\">SERVICIOS DE ACENTO.COM.DO<\/a><\/p>\n<p>&nbsp;<\/p>\n<p><img src=\"https:\/\/acento.com.do\/media\/storage02\/uploads\/2020\/10\/DM-en-congreso.jpg\" data-desktop=\"https:\/\/acento.com.do\/media\/storage02\/uploads\/2020\/10\/DM-en-congreso.jpg\" data-mobile=\"https:\/\/acento.com.do\/media\/storage02\/uploads\/2020\/10\/DM-en-congreso.jpg\" \/><\/p>\n<p>&nbsp;<\/p>\n<p>SANTO DOMINGO-. El expresidente Danilo Medina y m\u00e1ximo l\u00edder del Partido de la Liberaci\u00f3n Dominicana (PLD) llam\u00f3 esta ma\u00f1ana a su c\u00fapula partidaria a estar donde los ciudadanos dominicanos lo necesiten, primero desde la oposici\u00f3n y luego desde el Gobierno.<\/p>\n<p>Este domingo, el partido que gobern\u00f3 durante 16 a\u00f1os consecutivos celebr\u00f3 el \u00a0IX Congreso Ordinario Jos\u00e9 Joaqu\u00edn Bid\u00f3 Medina, acto que supone una apuesta por la renovaci\u00f3n de la organizaci\u00f3n tras la derrota electoral de julio que le oblig\u00f3 a salir del poder.<\/p>\n<p>\u201cAll\u00e1 donde los ciudadanos m\u00e1s nos necesiten ah\u00ed debe estar\u00a0 el Partido de la Liberaci\u00f3n Dominicana&#8221;. \u00a0\u201cUn PLD renovado, rejuvenecido, y listo para dar la batalla, primero desde la oposici\u00f3n y luego en el gobierno\u201d, dijo Medina ya al t\u00e9rmino de la actividad pol\u00edtica.<\/p>\n<p>Tambi\u00e9n exhort\u00f3 a los presentes que dejen saber que la \u201cbandera morada\u201d estar\u00e1 ah\u00ed, \u201ccon la gente y para la gente, para defender las conquistas y hacer realidad las aspiraciones de las grandes mayor\u00edas\u201d.<\/p>\n<p>El Partido de la Liberaci\u00f3n Dominicana (PLD) celebr\u00f3 este domingo el IX Congreso Ordinario, al cual unos 2 mil 500 delegados fueron convocados al encuentro que apuesta por una renovaci\u00f3n pol\u00edtica de la organizaci\u00f3n pol\u00edtica<\/p>\n<p>Impactos: 68<\/p>","protected":false},"excerpt":{"rendered":"<p>Por\u00a0SERVICIOS DE ACENTO.COM.DO &nbsp; &nbsp; SANTO DOMINGO-. El expresidente Danilo Medina y m\u00e1ximo l\u00edder del Partido de la Liberaci\u00f3n Dominicana (PLD) llam\u00f3 esta ma\u00f1ana<\/p>\n","protected":false},"author":3,"featured_media":853,"comment_status":"open","ping_status":"closed","sticky":false,"template":"","format":"standard","meta":[],"categories":[6],"tags":[],"_links":{"self":[{"href":"https:\/\/hormigaradio.com\/index.php?rest_route=\/wp\/v2\/posts\/11191"}],"collection":[{"href":"https:\/\/hormigaradio.com\/index.php?rest_route=\/wp\/v2\/posts"}],"about":[{"href":"https:\/\/hormigaradio.com\/index.php?rest_route=\/wp\/v2\/types\/post"}],"author":[{"embeddable":true,"href":"https:\/\/hormigaradio.com\/index.php?rest_route=\/wp\/v2\/users\/3"}],"replies":[{"embeddable":true,"href":"https:\/\/hormigaradio.com\/index.php?rest_route=%2Fwp%2Fv2%2Fcomments&post=11191"}],"version-history":[{"count":1,"href":"https:\/\/hormigaradio.com\/index.php?rest_route=\/wp\/v2\/posts\/11191\/revisions"}],"predecessor-version":[{"id":11192,"href":"https:\/\/hormigaradio.com\/index.php?rest_route=\/wp\/v2\/posts\/11191\/revisions\/11192"}],"wp:featuredmedia":[{"embeddable":true,"href":"https:\/\/hormigaradio.com\/index.php?rest_route=\/wp\/v2\/media\/853"}],"wp:attachment":[{"href":"https:\/\/hormigaradio.com\/index.php?rest_route=%2Fwp%2Fv2%2Fmedia&parent=11191"}],"wp:term":[{"taxonomy":"category","embeddable":true,"href":"https:\/\/hormigaradio.com\/index.php?rest_route=%2Fwp%2Fv2%2Fcategories&post=11191"},{"taxonomy":"post_tag","embeddable":true,"href":"https:\/\/hormigaradio.com\/index.php?rest_route=%2Fwp%2Fv2%2Ftags&post=11191"}],"curies":[{"name":"wp","href":"https:\/\/api.w.org\/{rel}","templated":true}]}}