{"id":11230,"date":"2020-10-14T16:32:35","date_gmt":"2020-10-14T16:32:35","guid":{"rendered":"http:\/\/hormigaradio.com\/?p=11230"},"modified":"2020-10-14T16:33:50","modified_gmt":"2020-10-14T16:33:50","slug":"artista-urbano-el-nene-la-amenazzy-es-detenido-por-violar-toque-de-queda","status":"publish","type":"post","link":"https:\/\/hormigaradio.com\/?p=11230","title":{"rendered":"ARTISTA URBANO EL NENE LA AMENAZZY ES DETENIDO POR VIOLAR \u201cTOQUE DE QUEDA\u201d"},"content":{"rendered":"<p>Por\u00a0<a class=\"text-font font-700\" href=\"https:\/\/acento.com.do\/autor\/index.html?user_slug=servicios\">SERVICIOS DE ACENTO.COM.DO<\/a><\/p>\n<p>SANTO DOMINGO, Rep\u00fablica Dominicana.- El artista urbano Jos\u00e9 Daniel Betances, mejor conocido como El Nene La Amenazzy fue detenido en la noche de ayer martes por violentar el toque de queda.<\/p>\n<p>Al momento de ser retenido por miembros del Ej\u00e9rcito, el artista se encontraba transitando por la Avenida John F. Kennedy, acompa\u00f1adao de un grupo de personas en una yipeta Chevrolet Tahoe.<\/p>\n<figure style=\"width: 798px\" class=\"wp-caption alignnone\"><img loading=\"lazy\" src=\"https:\/\/acento.com.do\/media\/storage02\/uploads\/2020\/10\/El-Nene-.jpg\" alt=\"\" width=\"798\" height=\"506\" data-desktop=\"https:\/\/acento.com.do\/media\/storage02\/uploads\/2020\/10\/El-Nene-.jpg\" data-mobile=\"https:\/\/acento.com.do\/media\/storage02\/uploads\/2020\/10\/El-Nene-.jpg\" \/><figcaption class=\"wp-caption-text\"><em><strong>El Nene La Amenazzy.<\/strong><\/em><\/figcaption><\/figure>\n<p>En el mismo escenario se le encontr\u00f3 una pistola Glock 19 sin documentos, por lo que las autoridades procedieron a apresarlo y llevarlo al cuartel m\u00f3vil Ciutran en la zona de Villa Mella.<\/p>\n<p>Al momento de la detenci\u00f3n, su promotora dijo que el artista se encontraba delicado de salud puesto que es asm\u00e1tico.<\/p>\n<p>A esto, los polic\u00edas solicitaron la presencia de una unidad del Sistema 911, cuyos param\u00e9dicos indicaron que tanto sus signos vitales como respiratorios estaban normales.<\/p>\n<p>Se inform\u00f3 que El Nene la Amenazzy estar\u00e1 siendo trasladado con sus pertenencias al Palacio de la Polic\u00eda Nacional en la ma\u00f1ana de hoy<\/p>\n<p>Impactos: 73<\/p>","protected":false},"excerpt":{"rendered":"<p>Por\u00a0SERVICIOS DE ACENTO.COM.DO SANTO DOMINGO, Rep\u00fablica Dominicana.- El artista urbano Jos\u00e9 Daniel Betances, mejor conocido como El Nene La Amenazzy fue detenido en la<\/p>\n","protected":false},"author":3,"featured_media":11231,"comment_status":"open","ping_status":"closed","sticky":false,"template":"","format":"standard","meta":[],"categories":[3],"tags":[],"_links":{"self":[{"href":"https:\/\/hormigaradio.com\/index.php?rest_route=\/wp\/v2\/posts\/11230"}],"collection":[{"href":"https:\/\/hormigaradio.com\/index.php?rest_route=\/wp\/v2\/posts"}],"about":[{"href":"https:\/\/hormigaradio.com\/index.php?rest_route=\/wp\/v2\/types\/post"}],"author":[{"embeddable":true,"href":"https:\/\/hormigaradio.com\/index.php?rest_route=\/wp\/v2\/users\/3"}],"replies":[{"embeddable":true,"href":"https:\/\/hormigaradio.com\/index.php?rest_route=%2Fwp%2Fv2%2Fcomments&post=11230"}],"version-history":[{"count":1,"href":"https:\/\/hormigaradio.com\/index.php?rest_route=\/wp\/v2\/posts\/11230\/revisions"}],"predecessor-version":[{"id":11232,"href":"https:\/\/hormigaradio.com\/index.php?rest_route=\/wp\/v2\/posts\/11230\/revisions\/11232"}],"wp:featuredmedia":[{"embeddable":true,"href":"https:\/\/hormigaradio.com\/index.php?rest_route=\/wp\/v2\/media\/11231"}],"wp:attachment":[{"href":"https:\/\/hormigaradio.com\/index.php?rest_route=%2Fwp%2Fv2%2Fmedia&parent=11230"}],"wp:term":[{"taxonomy":"category","embeddable":true,"href":"https:\/\/hormigaradio.com\/index.php?rest_route=%2Fwp%2Fv2%2Fcategories&post=11230"},{"taxonomy":"post_tag","embeddable":true,"href":"https:\/\/hormigaradio.com\/index.php?rest_route=%2Fwp%2Fv2%2Ftags&post=11230"}],"curies":[{"name":"wp","href":"https:\/\/api.w.org\/{rel}","templated":true}]}}