{"id":11235,"date":"2020-10-14T18:45:16","date_gmt":"2020-10-14T18:45:16","guid":{"rendered":"http:\/\/hormigaradio.com\/?p=11235"},"modified":"2020-10-14T18:47:02","modified_gmt":"2020-10-14T18:47:02","slug":"diputados-aprueban-otro-estado-de-emergencia-por-45-dias-mas-y-contando","status":"publish","type":"post","link":"https:\/\/hormigaradio.com\/?p=11235","title":{"rendered":"DIPUTADOS APRUEBAN  OTRO ESTADO DE EMERGENCIA,  POR 45 D\u00cdAS  M\u00c1S Y CONTANDO&#8230;"},"content":{"rendered":"<p>Por\u00a0<a class=\"text-font font-700\" href=\"https:\/\/acento.com.do\/autor\/index.html?user_slug=servicios\">SERVICIOS DE ACENTO.COM.DO<\/a><\/p>\n<p>SANTO DOMINGO, Rep\u00fablica Dominicana.- La C\u00e1mara de Diputados aprob\u00f3\u00a0en primera lectura, de forma un\u00e1nime, la solicitud de extender el estado de emergencia por 45 d\u00edas requerida por\u00a0el presidente Luis Abinader, con la finalidad de continuar con las medidas para hacer frente a la\u00a0pandemia del COVID-19.<\/p>\n<p>El actual estado de emergencia vencer\u00e1 este pr\u00f3ximo s\u00e1bado 17 de octubre.<\/p>\n<p>Durante la sesi\u00f3n de este martes, el vocero del partido Fuerza del Pueblo, Ruben Maldonado, sostuvo que para la organizaci\u00f3n pol\u00edtica que representa &#8220;<span class=\"css-901oao css-16my406 r-1qd0xha r-ad9z0x r-bcqeeo r-qvutc0\">la salud esta sobre todo&#8221;, por lo que anunci\u00f3 que votar\u00eda de manera favorable para la aprobaci\u00f3n del estado de emergencia, siempre y &#8220;cuando se apliquen medidas eficaces para el distanciamiento social, solicita no se restrinja el libre tr\u00e1nsito&#8221;.<\/span><\/p>\n<div class=\"in-content-info w-100 blueconic-content 4 0\">\n<div class=\"newsletter-article\">\u00a0Asimismo, Gustavo S\u00e1nchez, asegur\u00f3 que \u201cPara el PLD la salud del pueblo est\u00e1 por encima de intereses individuales o pol\u00edticos. Son las autoridades de salud quienes manejan los niveles de crisis y rebrote\u201d, se\u00f1alando que los miembros de su partido votar\u00edan a favor de la pr\u00f3rroga.<\/div>\n<div>\n<p>El pasado 22 de septiembre, el Poder Ejecutivo anunci\u00f3 que el horario de toque de queda ser\u00eda modificado, pasando a ser de\u00a0lunes a viernes de 9:00 pm a 5:00 am y los s\u00e1bados y domingo de 7:00 pm a 5:00 am. Dicho horario entr\u00f3 en vigencia el pasado 28 de septiembre.<\/p>\n<\/div>\n<\/div>\n<p>Impactos: 64<\/p>","protected":false},"excerpt":{"rendered":"<p>Por\u00a0SERVICIOS DE ACENTO.COM.DO SANTO DOMINGO, Rep\u00fablica Dominicana.- La C\u00e1mara de Diputados aprob\u00f3\u00a0en primera lectura, de forma un\u00e1nime, la solicitud de extender el estado de<\/p>\n","protected":false},"author":3,"featured_media":9197,"comment_status":"open","ping_status":"closed","sticky":false,"template":"","format":"standard","meta":[],"categories":[3],"tags":[],"_links":{"self":[{"href":"https:\/\/hormigaradio.com\/index.php?rest_route=\/wp\/v2\/posts\/11235"}],"collection":[{"href":"https:\/\/hormigaradio.com\/index.php?rest_route=\/wp\/v2\/posts"}],"about":[{"href":"https:\/\/hormigaradio.com\/index.php?rest_route=\/wp\/v2\/types\/post"}],"author":[{"embeddable":true,"href":"https:\/\/hormigaradio.com\/index.php?rest_route=\/wp\/v2\/users\/3"}],"replies":[{"embeddable":true,"href":"https:\/\/hormigaradio.com\/index.php?rest_route=%2Fwp%2Fv2%2Fcomments&post=11235"}],"version-history":[{"count":1,"href":"https:\/\/hormigaradio.com\/index.php?rest_route=\/wp\/v2\/posts\/11235\/revisions"}],"predecessor-version":[{"id":11236,"href":"https:\/\/hormigaradio.com\/index.php?rest_route=\/wp\/v2\/posts\/11235\/revisions\/11236"}],"wp:featuredmedia":[{"embeddable":true,"href":"https:\/\/hormigaradio.com\/index.php?rest_route=\/wp\/v2\/media\/9197"}],"wp:attachment":[{"href":"https:\/\/hormigaradio.com\/index.php?rest_route=%2Fwp%2Fv2%2Fmedia&parent=11235"}],"wp:term":[{"taxonomy":"category","embeddable":true,"href":"https:\/\/hormigaradio.com\/index.php?rest_route=%2Fwp%2Fv2%2Fcategories&post=11235"},{"taxonomy":"post_tag","embeddable":true,"href":"https:\/\/hormigaradio.com\/index.php?rest_route=%2Fwp%2Fv2%2Ftags&post=11235"}],"curies":[{"name":"wp","href":"https:\/\/api.w.org\/{rel}","templated":true}]}}