{"id":11252,"date":"2020-10-16T01:23:24","date_gmt":"2020-10-16T01:23:24","guid":{"rendered":"http:\/\/hormigaradio.com\/?p=11252"},"modified":"2020-10-16T01:49:03","modified_gmt":"2020-10-16T01:49:03","slug":"10-muertes-y-12-dias-de-silencio-estatal-tras-explosion-explosion-coopegas-licey","status":"publish","type":"post","link":"https:\/\/hormigaradio.com\/?p=11252","title":{"rendered":"10 MUERTES Y 12 D\u00cdAS DE SILENCIO ESTATAL, TRAS EXPLOSI\u00d3N COOPEGAS LICEY"},"content":{"rendered":"<div class=\"article-body-content\">\n<p>Por\u00a0<a class=\"text-font font-700\" href=\"https:\/\/acento.com.do\/autor\/index.html?user_slug=mlaureano\">M\u00c1XIMO LAUREANO<\/a><\/p>\n<p>SANTIAGO DE LOS CABALLEROS, Rep\u00fablica Dominicana.-Autoridades de la Unidad de Quemados del Hospital Doctor Arturo Grull\u00f3n, en Santiago de los Caballeros, confirmaron este jueves la muerte de una ni\u00f1a de 11 a\u00f1os edad, la v\u00edctima fatal n\u00famero 10 de la explosi\u00f3n en la distribuidora de Gas Licuado de Petr\u00f3leo (GLP), Coopegas, en el municipio de Licey al Medio.<\/p>\n<p>Se trata de la menor Grismerlin Santos Padilla, hermana de la adolescente de 15 a\u00f1os, Grisell Santos Padilla, fallecida hace una semana en este centro.<\/p>\n<p>Ambas ni\u00f1as eran hijas de la pareja, Griselda Padilla de 37 a\u00f1os de edad, y Francisco Santos, de 41 a\u00f1os, ambos fallecidos en la Unidad de Quemados del Hospital Luis Eduardo Aybar, en funcionamiento provisional, en el Hospital Ney Arias Lora, en la provincia Santo Domingo.<\/p>\n<p>La familia Santos Padilla perdi\u00f3 a cuatro de sus parientes en esta tragedia, los padres y dos hijas.<\/p>\n<p>El incendio ocasionado por la explosi\u00f3n del 3 de octubre tambi\u00e9n destruy\u00f3 propiedades situadas en la zona en que operaba Coopegas.<\/p>\n<p>Se han reportado tambi\u00e9n las muertes de Francisco Trinidad, vigilante de la estaci\u00f3n y el menor Brailyn Ulloa, residente en los alrededores de la empresa. Otros fallecidos son Nelson Javier Osoria, Juana Bison\u00f3, Nilson Reyes y Yulisa Ortiz,<\/p>\n<p><strong>Evoluci\u00f3n pacientes<\/strong><\/p>\n<p>Otros afectados son un ni\u00f1o de 12 a\u00f1os, que est\u00e1 afectado en un 25 % y una menor de un a\u00f1o y meses, que tiene quemaduras en un 20 %, quienes est\u00e1n en la Unidad de Qumados, para infantes.<\/p>\n<p>En el Hospital Jos\u00e9 Mar\u00eda Cabral y B\u00e1ez, est\u00e1 Samuel Ulloa, de 22 a\u00f1os de edad, en una situaci\u00f3n muy delicada, seg\u00fan los reportes m\u00e9dicos<\/p>\n<\/div>\n<div id=\"tags\" class=\"tags flex-container align-center flex-wrap\"><\/div>\n<p>Impactos: 226<\/p>","protected":false},"excerpt":{"rendered":"<p>Por\u00a0M\u00c1XIMO LAUREANO SANTIAGO DE LOS CABALLEROS, Rep\u00fablica Dominicana.-Autoridades de la Unidad de Quemados del Hospital Doctor Arturo Grull\u00f3n, en Santiago de los Caballeros, confirmaron<\/p>\n","protected":false},"author":3,"featured_media":11139,"comment_status":"open","ping_status":"closed","sticky":false,"template":"","format":"standard","meta":[],"categories":[3],"tags":[],"_links":{"self":[{"href":"https:\/\/hormigaradio.com\/index.php?rest_route=\/wp\/v2\/posts\/11252"}],"collection":[{"href":"https:\/\/hormigaradio.com\/index.php?rest_route=\/wp\/v2\/posts"}],"about":[{"href":"https:\/\/hormigaradio.com\/index.php?rest_route=\/wp\/v2\/types\/post"}],"author":[{"embeddable":true,"href":"https:\/\/hormigaradio.com\/index.php?rest_route=\/wp\/v2\/users\/3"}],"replies":[{"embeddable":true,"href":"https:\/\/hormigaradio.com\/index.php?rest_route=%2Fwp%2Fv2%2Fcomments&post=11252"}],"version-history":[{"count":3,"href":"https:\/\/hormigaradio.com\/index.php?rest_route=\/wp\/v2\/posts\/11252\/revisions"}],"predecessor-version":[{"id":11255,"href":"https:\/\/hormigaradio.com\/index.php?rest_route=\/wp\/v2\/posts\/11252\/revisions\/11255"}],"wp:featuredmedia":[{"embeddable":true,"href":"https:\/\/hormigaradio.com\/index.php?rest_route=\/wp\/v2\/media\/11139"}],"wp:attachment":[{"href":"https:\/\/hormigaradio.com\/index.php?rest_route=%2Fwp%2Fv2%2Fmedia&parent=11252"}],"wp:term":[{"taxonomy":"category","embeddable":true,"href":"https:\/\/hormigaradio.com\/index.php?rest_route=%2Fwp%2Fv2%2Fcategories&post=11252"},{"taxonomy":"post_tag","embeddable":true,"href":"https:\/\/hormigaradio.com\/index.php?rest_route=%2Fwp%2Fv2%2Ftags&post=11252"}],"curies":[{"name":"wp","href":"https:\/\/api.w.org\/{rel}","templated":true}]}}