{"id":11278,"date":"2020-10-20T04:50:05","date_gmt":"2020-10-20T04:50:05","guid":{"rendered":"http:\/\/hormigaradio.com\/?p=11278"},"modified":"2020-10-20T13:38:01","modified_gmt":"2020-10-20T13:38:01","slug":"senor-vasquez-los-periodistas-no-matamos-a-la-gente-de-licey","status":"publish","type":"post","link":"https:\/\/hormigaradio.com\/?p=11278","title":{"rendered":"SE\u00d1OR V\u00c1SQUEZ; LOS PERIODISTAS NO MATARON  A  LA GENTE DE LICEY (v\u00eddeo)"},"content":{"rendered":"\n<p><strong>Por\u00a0<\/strong><a href=\"https:\/\/acento.com.do\/autor\/index.html?user_slug=mlaureano\">M\u00c1XIMO LAUREANO<\/a><strong>\u00a0<\/strong><\/p>\n\n\n\n<p>A un se\u00f1or genio, identificado como H\u00e9ctor V\u00e1squez, ejecutivo de la Cooperativa de Servicios M\u00faltiples La Econ\u00f3mica (Coopegas), distribuidora de GLP, en Licey al Medio, \u00a0tuvo la idea brillante de\u00a0 sugerirle\u00a0 a los\u00a0 medios de comunicaci\u00f3n que contenido deben publicar, para no afectar\u00a0 a la comunidad involucrada en la tragedia que suma 11\u00a0 fallecidos.<\/p>\n\n\n\n<p><strong>Aqu\u00ed la propuesta:<\/strong> <\/p>\n\n\n\n<p>&#8221;H\u00e9ctor V\u00e1squez llam\u00f3 a los medios de comunicaci\u00f3n a contribuir con sus contenidos a unir buenas voluntades mediante un despliegue que favorezca lo mejor para la comunidad afectada&#8221;, se lee en el segundo p\u00e1rrafo del comunicado\u00a0 recibido\u00a0por voces  de este medio.<\/p>\n\n\n\n<p>&nbsp;Es como decirle a un periodista,&nbsp; hubo un incendio, pero no lo escriba, porque afecta la comunidad y as\u00ed protegemos a los responsables de este evento&nbsp; fatal.<\/p>\n\n\n\n<p>\u00a0Es como decirle a un periodista, que 17 d\u00edas despu\u00e9s, han muerto\u00a0 11 personas,\u00a0 pero que no lo puede escribir, porque\u00a0 afecta a la comunidad y debo proteger a los responsables de esta desgracia, que no sabemos si se identificar\u00e1n, porque hay una investigaci\u00f3n en curso, de la cual,\u00a0 no estamos seguro que lleguemos a conocer sus resultados, porque posiblemente eso tambi\u00e9n afecte la comunidad.<\/p>\n\n\n\n<p>&nbsp;Pero, el se\u00f1or V\u00e1squez debe tener claro que, el dolor del esa comunidad de Licey, no&nbsp;lo&nbsp; sembr\u00f3&nbsp; un periodista con sus publicaciones, los traumas de decenas de personas all\u00ed,&nbsp; no es responsabilidad del&nbsp; trabajo period\u00edstico, como tampoco lo ha sido la asistencia tard\u00eda a los afectados.<\/p>\n\n\n\n<p>&nbsp;Hay &nbsp;familias completa bajo&nbsp;&nbsp; tierra,&nbsp; gente que no supera lo vivido y usted se\u00f1or gerente, apunta a los periodistas, que no han hecho m\u00e1s que contar la historia de terror de esta desgracia.<\/p>\n\n\n\n<p>En el comunicado de Coopegas, dado a conocer el s\u00e1bado 17 de octubre del 2020,\u00a0 horas antes de la muerte de Samuel Ulloa,\u00a0 joven de 19 a\u00f1os,  de edad, que perdi\u00f3\u00a0 su lucha por la vida, con un 90 % de quemadura en su cuerpo,\u00a0 los ejecutivos de la cooperativa,\u00a0 expresaron en su comunicado pesar por las v\u00edctimas, pero no escribieron un p\u00e1rrafo que\u00a0 refleje su inter\u00e9s \u00a0para se aclaren las causas de la tragedia y que se actu\u00e9 en t\u00e9rminos judiciales, en caso de que se compruebe que hubo negligencia, como cuentan los vecinos del lugar.<\/p>\n\n\n\n<figure class=\"wp-block-embed-youtube wp-block-embed is-type-video is-provider-youtube wp-embed-aspect-16-9 wp-has-aspect-ratio\"><div class=\"wp-block-embed__wrapper\">\n<iframe loading=\"lazy\"  id=\"_ytid_37994\" width=\"715\" height=\"402\"  data-origwidth=\"715\" data-origheight=\"402\"  src=\"https:\/\/www.youtube.com\/embed\/W7s0CFMcQXQ?enablejsapi=1&#038;autoplay=0&#038;cc_load_policy=0&#038;iv_load_policy=1&#038;loop=0&#038;modestbranding=0&#038;rel=1&#038;fs=1&#038;playsinline=0&#038;autohide=2&#038;theme=dark&#038;color=red&#038;controls=1&#038;\" class=\"__youtube_prefs__\" title=\"YouTube player\"  allow=\"autoplay; encrypted-media\" allowfullscreen data-no-lazy=\"1\" data-skipgform_ajax_framebjll=\"\"><\/iframe>\n<\/div><\/figure>\n\n\n\n<p>\u00a0Luego del comunicado los ejecutivos de Coopegas, difundieron un cartel luctuoso, tama\u00f1o gigante, para anunciar que no reabrir\u00e1n, la estaci\u00f3n\u00a0 distribuidora de GLP, de antemano saben que el pueblo afectado jam\u00e1s apoyar\u00eda lo contrario. Como profesional del periodismo y basado en la recomendaci\u00f3n del gerente V\u00e1squez,\u00a0 sabemos que tenemos luz verde para publicar\u00a0 su valla, porque\u00a0 decir lo siento por los muertos, no afecta la comunidad.<\/p>\n\n\n\n<p>Decir que los ejecutivos de Coopegas asistieron a la familia del vigilante Francisco Trinidad,  con los gastos de su sepelio, tampoco afecta la comunidad.<\/p>\n\n\n\n<p>Como periodista responsable, incapaz\u00a0 de vender nuestro compromiso y responsabilidad social,\u00a0 por causa alguna,\u00a0 tenemos\u00a0 raz\u00f3n de sobra para decirles a los ejecutivos de Coopegas, que su petici\u00f3n de sugerir a los comunicadores que escriben y que no escriben, es un acto irrespetuoso, para este oficio, aunque en el mismo\u00a0\u00a0 haya mucha gente que no merezca ese respeto.<\/p>\n\n\n\n<p>No se confundas\u00a0 gerente V\u00e1squez,\u00a0 no es lo mismo su derecho a expresar su versi\u00f3n por el canal que ustedes entiendan pertinente, que\u00a0 pretender\u00a0 condicionar la versi\u00f3n que pueda contar un periodista, en relaci\u00f3n una tragedia como la ocurrida en Licey\u00a0 u otro hecho.<\/p>\n<p>Impactos: 128<\/p>","protected":false},"excerpt":{"rendered":"<p>Por\u00a0M\u00c1XIMO LAUREANO\u00a0 A un se\u00f1or genio, identificado como H\u00e9ctor V\u00e1squez, ejecutivo de la Cooperativa de Servicios M\u00faltiples La Econ\u00f3mica (Coopegas), distribuidora de GLP, en<\/p>\n","protected":false},"author":3,"featured_media":11281,"comment_status":"open","ping_status":"closed","sticky":false,"template":"","format":"standard","meta":[],"categories":[7],"tags":[],"_links":{"self":[{"href":"https:\/\/hormigaradio.com\/index.php?rest_route=\/wp\/v2\/posts\/11278"}],"collection":[{"href":"https:\/\/hormigaradio.com\/index.php?rest_route=\/wp\/v2\/posts"}],"about":[{"href":"https:\/\/hormigaradio.com\/index.php?rest_route=\/wp\/v2\/types\/post"}],"author":[{"embeddable":true,"href":"https:\/\/hormigaradio.com\/index.php?rest_route=\/wp\/v2\/users\/3"}],"replies":[{"embeddable":true,"href":"https:\/\/hormigaradio.com\/index.php?rest_route=%2Fwp%2Fv2%2Fcomments&post=11278"}],"version-history":[{"count":5,"href":"https:\/\/hormigaradio.com\/index.php?rest_route=\/wp\/v2\/posts\/11278\/revisions"}],"predecessor-version":[{"id":11288,"href":"https:\/\/hormigaradio.com\/index.php?rest_route=\/wp\/v2\/posts\/11278\/revisions\/11288"}],"wp:featuredmedia":[{"embeddable":true,"href":"https:\/\/hormigaradio.com\/index.php?rest_route=\/wp\/v2\/media\/11281"}],"wp:attachment":[{"href":"https:\/\/hormigaradio.com\/index.php?rest_route=%2Fwp%2Fv2%2Fmedia&parent=11278"}],"wp:term":[{"taxonomy":"category","embeddable":true,"href":"https:\/\/hormigaradio.com\/index.php?rest_route=%2Fwp%2Fv2%2Fcategories&post=11278"},{"taxonomy":"post_tag","embeddable":true,"href":"https:\/\/hormigaradio.com\/index.php?rest_route=%2Fwp%2Fv2%2Ftags&post=11278"}],"curies":[{"name":"wp","href":"https:\/\/api.w.org\/{rel}","templated":true}]}}