{"id":11290,"date":"2020-10-21T02:38:54","date_gmt":"2020-10-21T02:38:54","guid":{"rendered":"http:\/\/hormigaradio.com\/?p=11290"},"modified":"2020-10-21T02:52:16","modified_gmt":"2020-10-21T02:52:16","slug":"ministra-de-la-mujer-inequidad-de-genero-y-pobreza-influyen-en-tasa-de-cancer-de-mama","status":"publish","type":"post","link":"https:\/\/hormigaradio.com\/?p=11290","title":{"rendered":"MINISTRA DE LA MUJER: INEQUIDAD DE G\u00c9NERO Y POBREZA INFLUYEN EN TASA DE C\u00c1NCER DE MAMA (v\u00eddeos)"},"content":{"rendered":"\n<p><strong>Por&nbsp;<\/strong><a href=\"https:\/\/acento.com.do\/autor\/index.html?user_slug=mlaureano\">M\u00c1XIMO LAUREANO<\/a><strong>&nbsp;<\/strong><\/p>\n\n\n\n<p><\/p>\n\n\n\n<figure class=\"wp-block-embed-youtube wp-block-embed is-type-video is-provider-youtube wp-embed-aspect-16-9 wp-has-aspect-ratio\"><div class=\"wp-block-embed__wrapper\">\n<iframe loading=\"lazy\"  id=\"_ytid_35474\" width=\"715\" height=\"402\"  data-origwidth=\"715\" data-origheight=\"402\"  src=\"https:\/\/www.youtube.com\/embed\/6PBpLeQ_fAo?enablejsapi=1&#038;autoplay=0&#038;cc_load_policy=0&#038;iv_load_policy=1&#038;loop=0&#038;modestbranding=0&#038;rel=1&#038;fs=1&#038;playsinline=0&#038;autohide=2&#038;theme=dark&#038;color=red&#038;controls=1&#038;\" class=\"__youtube_prefs__\" title=\"YouTube player\"  allow=\"autoplay; encrypted-media\" allowfullscreen data-no-lazy=\"1\" data-skipgform_ajax_framebjll=\"\"><\/iframe>\n<\/div><\/figure>\n\n\n\n<p>SANTIAGO DE LOS CABALLEROS, Rep\u00fablica Dominicana.-La ministra de la Mujer, Mayra Jim\u00e9nez, se\u00f1al\u00f3 que la feminizaci\u00f3n de la pobreza, la inequidad de g\u00e9nero y la violencia contra las mujeres son factores que influyen en la alta tasa de c\u00e1ncer de mama en la Rep\u00fablica Dominicana.<\/p>\n\n\n\n<p>La funcionaria agreg\u00f3 que urge revisar las pol\u00edticas que se han aplicado desde el Estado.<\/p>\n\n\n\n<p>\u201cTenemos tambi\u00e9n que traer a la mesa de la reflexi\u00f3n el problemas de las desigualdades de g\u00e9nero, la violencia que viven las mujeres y la feminizaci\u00f3n de la pobreza, porque sin lugar a dudas, son factores que influyen a que se tengan estas cifras tan altas en el pa\u00eds\u201d, refiere Jim\u00e9nez.<\/p>\n\n\n\n<p>Agreg\u00f3 que un factor que influye en en estos casos es que como las mujeres son formadas para cuidar de la salud de la familia, ponen su salud en \u00faltimo lugar y esto da al traste con diagn\u00f3sticos tard\u00edos, que dificultan encarar la enfermedad.<\/p>\n\n\n\n<p>\u201cTenemos que profundizar en las causas estructurales de este problema, hacerle frente de manera eficaz, porque la magnitud de la inversi\u00f3n que se ha hecho no se corresponde con la realidad, no se corresponde con los resultados en el pa\u00eds hasta la fecha\u201d, dijo la ministra de la Mujer, Mayra Jim\u00e9nez.<\/p>\n\n\n\n<p><strong>Los empresarios<\/strong><img loading=\"lazy\" alt=\" Miguel A. Lama Rodr\u00edguez, presidente del consejo directivo de la CZFS\" src=\"https:\/\/acento.com.do\/media\/storage02\/uploads\/2020\/10\/Miguel-A.-Lama-Rodr%C3%ADguez-presidente-del-consejo-directivo-de-la-CZFS.jpg\" width=\"4496\" height=\"3000\">Miguel A. Lama Rodr\u00edguez, presidente del consejo directivo de la CZFS<\/p>\n\n\n\n<p>Ejecutivos de la Corporaci\u00f3n Zona Franca Santiago (CZFS), motivaron la sexta versi\u00f3n de la campa\u00f1a \u201cPorque Te Quiero\u201d, una apuesta por la prevenci\u00f3n, educaci\u00f3n y orientaci\u00f3n sobre el peligro del c\u00e1ncer de mama.<\/p>\n\n\n\n<p>Esta vez, no hubo una participaci\u00f3n masiva de las trabajadoras de las empresas del Parque Industrial V\u00edctor Espaillat Mera (PIVEM), por las reglas de distanciamiento entre personas dispuestas por las autoridades sanitarias por el coronavirus, pero los promotores de la campa\u00f1a dise\u00f1aron una agenda que ha permitido llevar la orientaci\u00f3n a cada espacio.<\/p>\n\n\n\n<p>Para este a\u00f1o los motivadores de la iniciativa decidieron extender la jornada preventiva hasta el mes de noviembre.<\/p>\n\n\n\n<p>\u201cNuevamente nos convoca la campa\u00f1a \u201cPorque e quiero\u201d, una gran iniciativa de la responsabilidad social de Corporaci\u00f3n Zona Franca y de M\u00e9dica, enmarcada en el eje de salud. Al finalizar este noviembre, habr\u00e1 beneficiado a m\u00e1s de 8 mil mujeres, que han recibido estudios especializados, charlas educativas, actividades de socializaci\u00f3n y otros servicios\u201d, expres\u00f3 Miguel A. Lama Rodr\u00edguez, presidente del consejo directivo de la CZFS.<\/p>\n\n\n\n<p>El empresario elogi\u00f3 la uni\u00f3n de voluntades en funci\u00f3n de un mensaje trascendente en favor de la prevenci\u00f3n de una enfermedad frecuente entre las mujeres a nivel mundial. Agreg\u00f3 que se siente privilegiado de ser parte de un equipo que se han comprometido con la responsabilidad social.<\/p>\n\n\n\n<figure class=\"wp-block-embed-youtube wp-block-embed is-type-video is-provider-youtube wp-embed-aspect-16-9 wp-has-aspect-ratio\"><div class=\"wp-block-embed__wrapper\">\n<iframe loading=\"lazy\"  id=\"_ytid_65756\" width=\"715\" height=\"402\"  data-origwidth=\"715\" data-origheight=\"402\"  src=\"https:\/\/www.youtube.com\/embed\/5T8CHoYTkEA?enablejsapi=1&#038;autoplay=0&#038;cc_load_policy=0&#038;iv_load_policy=1&#038;loop=0&#038;modestbranding=0&#038;rel=1&#038;fs=1&#038;playsinline=0&#038;autohide=2&#038;theme=dark&#038;color=red&#038;controls=1&#038;\" class=\"__youtube_prefs__\" title=\"YouTube player\"  allow=\"autoplay; encrypted-media\" allowfullscreen data-no-lazy=\"1\" data-skipgform_ajax_framebjll=\"\"><\/iframe>\n<\/div><\/figure>\n<p>Impactos: 206<\/p>","protected":false},"excerpt":{"rendered":"<p>Por&nbsp;M\u00c1XIMO LAUREANO&nbsp; SANTIAGO DE LOS CABALLEROS, Rep\u00fablica Dominicana.-La ministra de la Mujer, Mayra Jim\u00e9nez, se\u00f1al\u00f3 que la feminizaci\u00f3n de la pobreza, la inequidad de<\/p>\n","protected":false},"author":3,"featured_media":11296,"comment_status":"open","ping_status":"closed","sticky":false,"template":"","format":"standard","meta":[],"categories":[3],"tags":[],"_links":{"self":[{"href":"https:\/\/hormigaradio.com\/index.php?rest_route=\/wp\/v2\/posts\/11290"}],"collection":[{"href":"https:\/\/hormigaradio.com\/index.php?rest_route=\/wp\/v2\/posts"}],"about":[{"href":"https:\/\/hormigaradio.com\/index.php?rest_route=\/wp\/v2\/types\/post"}],"author":[{"embeddable":true,"href":"https:\/\/hormigaradio.com\/index.php?rest_route=\/wp\/v2\/users\/3"}],"replies":[{"embeddable":true,"href":"https:\/\/hormigaradio.com\/index.php?rest_route=%2Fwp%2Fv2%2Fcomments&post=11290"}],"version-history":[{"count":4,"href":"https:\/\/hormigaradio.com\/index.php?rest_route=\/wp\/v2\/posts\/11290\/revisions"}],"predecessor-version":[{"id":11297,"href":"https:\/\/hormigaradio.com\/index.php?rest_route=\/wp\/v2\/posts\/11290\/revisions\/11297"}],"wp:featuredmedia":[{"embeddable":true,"href":"https:\/\/hormigaradio.com\/index.php?rest_route=\/wp\/v2\/media\/11296"}],"wp:attachment":[{"href":"https:\/\/hormigaradio.com\/index.php?rest_route=%2Fwp%2Fv2%2Fmedia&parent=11290"}],"wp:term":[{"taxonomy":"category","embeddable":true,"href":"https:\/\/hormigaradio.com\/index.php?rest_route=%2Fwp%2Fv2%2Fcategories&post=11290"},{"taxonomy":"post_tag","embeddable":true,"href":"https:\/\/hormigaradio.com\/index.php?rest_route=%2Fwp%2Fv2%2Ftags&post=11290"}],"curies":[{"name":"wp","href":"https:\/\/api.w.org\/{rel}","templated":true}]}}