{"id":11298,"date":"2020-10-21T03:14:03","date_gmt":"2020-10-21T03:14:03","guid":{"rendered":"http:\/\/hormigaradio.com\/?p=11298"},"modified":"2020-10-21T03:31:09","modified_gmt":"2020-10-21T03:31:09","slug":"amneliz-rivets-revoluciona-la-bachata-con-una-propuesta-universal","status":"publish","type":"post","link":"https:\/\/hormigaradio.com\/?p=11298","title":{"rendered":"AMNELIZ RIVETS REVOLUCIONA LA BACHATA CON UNA PROPUESTA UNIVERSAL"},"content":{"rendered":"\n<p><strong>Firma invitada\/Hormiga Radio Group.<\/strong><\/p>\n\n\n\n<figure class=\"wp-block-image size-large\"><img loading=\"lazy\" width=\"560\" height=\"840\" src=\"http:\/\/hormigaradio.com\/wp-content\/uploads\/2020\/10\/WhatsApp-Image-2020-10-19-at-11.35.14-AM.jpeg\" alt=\"\" class=\"wp-image-11299\" srcset=\"https:\/\/hormigaradio.com\/wp-content\/uploads\/2020\/10\/WhatsApp-Image-2020-10-19-at-11.35.14-AM.jpeg 560w, https:\/\/hormigaradio.com\/wp-content\/uploads\/2020\/10\/WhatsApp-Image-2020-10-19-at-11.35.14-AM-200x300.jpeg 200w\" sizes=\"(max-width: 560px) 100vw, 560px\" \/><figcaption><strong>Amneliz Rivets<\/strong><\/figcaption><\/figure>\n\n\n\n<p>Santo Domingo.&nbsp;La artista dominicana Amneliz Rivets, radicada en Espa\u00f1a, presenta su proyecto musical de bachata con una &nbsp;rica &nbsp;mezcla r\u00edtmica, provocativa y sensual.<\/p>\n\n\n\n<p>En una interesante apuesta a la bachata, Amneliz Rivets, une elementos y g\u00e9neros musicales de diversas culturas, para junto a diferentes ritmos, hacer una bachata, nueva, moderna y muy innovadora, musicalmente hablando.<\/p>\n\n\n\n<figure class=\"wp-block-audio\"><audio controls src=\"http:\/\/hormigaradio.com\/wp-content\/uploads\/2020\/10\/SUFRE.-COLOMBIA-AMNELIZ-RIVETS-Bachata.mp3\"><\/audio><\/figure>\n\n\n\n<p>Amneliz Rivets es visionaria y lo refleja en cada uno de los temas incluidos en NATURA, su primera propuesta discogr\u00e1fica que saldr\u00e1 a la luz en enero del 2021, bachatas los que comparte, a modo de estreno y lanzamiento de su proyecto, en su pa\u00eds natal como parte de los trabajos de difusi\u00f3n internacional.<\/p>\n\n\n\n<p>&nbsp;\u201cToy Pueta pa ti\u201d una bachata fusi\u00f3n con ritmo de la m\u00fasica grupera regional mexicana, \u201cSufre\u201d mezclado con vallenato de Colombia y \u201cA ver que pasa\u201d, fusionada con funky de Brasil, en la que la artista canta en portugu\u00e9s y espa\u00f1ol, son muestras de su innovadora producci\u00f3n art\u00edstica.<\/p>\n\n\n\n<p>\u201cEstrenar en Rep\u00fablica Dominicana fue mi gran sue\u00f1o, este es mi pa\u00eds,\u201d dijo la artista quien canta en espa\u00f1ol, ingl\u00e9s, portugu\u00e9s y \u00e1rabe.<\/p>\n\n\n\n<p>&nbsp;Aunque es nueva en la m\u00fasica, Amneliz Rivets tiene mucha experiencia en el entretenimiento, especialmente en el campo de la producci\u00f3n de televisi\u00f3n y como actriz, donde cuenta con una larga trayectoria.<\/p>\n\n\n\n<p>Amneliz Rivets es cantautora, productora de televisi\u00f3n, actriz y locutora dominicana radicada en Espa\u00f1a.<\/p>\n\n\n\n<p>La&nbsp; int\u00e9rprete naci\u00f3 en Santo Domingo y desde muy peque\u00f1a mostr\u00f3 su amor por las artes, en especial por la actuaci\u00f3n, la m\u00fasica y el canto.<\/p>\n\n\n\n<p>Yudelky C. Peguero Rivera, nombre de pila de la artista, dio sus primeros pasos&nbsp; en la m\u00fasica&nbsp; en la Comunidad Cristiana San Maximiliano Korbe, donde obtuvo el primer lugar en un festival de comunidades con la canci\u00f3n \u201cEsp\u00edritu Santo Ven a mi\u201d y luego form\u00f3 parte del coro de su comunidad cristiana San Buenaventura.<\/p>\n\n\n\n<p>Con apenas doce a\u00f1os se estren\u00f3 como compositora con el tema \u201cMe persigue el amor\u201d, una balada rom\u00e1ntica de desamor. Curs\u00f3 sus estudios secundarios en el Oratorio Mar\u00eda Auxiliadora, locuci\u00f3n en la academia Don Otto Rivera y Comunicaci\u00f3n Social menci\u00f3n Periodismo en la Universidad Aut\u00f3noma de Santo Domingo (UASD), as\u00ed como Producci\u00f3n de Televisi\u00f3n en Espa\u00f1a.<\/p>\n\n\n\n<p>Actualmente&nbsp; estudia canto con la profesora espa\u00f1ola Ana Fargas, reconocida por su trayectoria en el \u00e1rea.<\/p>\n\n\n\n<p>Sus primeros pasos en la televisi\u00f3n fueron en el cuadro de comedias del programa Buen Provecho de Yaqui N\u00fa\u00f1ez del Risco, donde populariz\u00f3 el personaje \u201cChin Lu\u201d, con cr\u00edticas de la actualidad.<\/p>\n\n\n\n<p>Amneliz Rivets form\u00f3 parte de la producci\u00f3n de Titirimundati con Raymond Pozo y Miguel C\u00e9spedes en Telemicro y luego labor\u00f3 junto a Freddy Beras Goico en S\u00faper Canal.<\/p>\n\n\n\n<p>&nbsp;Su primer espect\u00e1culo como productora&nbsp;del espect\u00e1culo c\u00f3mico musical \u201cEllas lo hacen Mejor\u201d junto a Jacqueline Estrella, Miguel C\u00e9spedes, Vickiana, entre otros.<\/p>\n\n\n\n<p>&nbsp;En Espa\u00f1a, donde reside desde hace varios a\u00f1os, realiz\u00f3 el espacio \u201cLa Movida de la Tarde con la Yuli\u201d en Tropical FM, con el que logr\u00f3 altos niveles de difusi\u00f3n.<br>Actualmente es cantante de m\u00fasica urbana, pop latino, reguet\u00f3n, baladas,&nbsp; merengue, trap y bachata fusionada g\u00e9nero con el que promueve su nueva etapa en la m\u00fasica.<\/p>\n<p>Impactos: 77<\/p>","protected":false},"excerpt":{"rendered":"<p>Firma invitada\/Hormiga Radio Group. Santo Domingo.&nbsp;La artista dominicana Amneliz Rivets, radicada en Espa\u00f1a, presenta su proyecto musical de bachata con una &nbsp;rica &nbsp;mezcla r\u00edtmica,<\/p>\n","protected":false},"author":3,"featured_media":11302,"comment_status":"open","ping_status":"closed","sticky":false,"template":"","format":"standard","meta":[],"categories":[4],"tags":[],"_links":{"self":[{"href":"https:\/\/hormigaradio.com\/index.php?rest_route=\/wp\/v2\/posts\/11298"}],"collection":[{"href":"https:\/\/hormigaradio.com\/index.php?rest_route=\/wp\/v2\/posts"}],"about":[{"href":"https:\/\/hormigaradio.com\/index.php?rest_route=\/wp\/v2\/types\/post"}],"author":[{"embeddable":true,"href":"https:\/\/hormigaradio.com\/index.php?rest_route=\/wp\/v2\/users\/3"}],"replies":[{"embeddable":true,"href":"https:\/\/hormigaradio.com\/index.php?rest_route=%2Fwp%2Fv2%2Fcomments&post=11298"}],"version-history":[{"count":4,"href":"https:\/\/hormigaradio.com\/index.php?rest_route=\/wp\/v2\/posts\/11298\/revisions"}],"predecessor-version":[{"id":11307,"href":"https:\/\/hormigaradio.com\/index.php?rest_route=\/wp\/v2\/posts\/11298\/revisions\/11307"}],"wp:featuredmedia":[{"embeddable":true,"href":"https:\/\/hormigaradio.com\/index.php?rest_route=\/wp\/v2\/media\/11302"}],"wp:attachment":[{"href":"https:\/\/hormigaradio.com\/index.php?rest_route=%2Fwp%2Fv2%2Fmedia&parent=11298"}],"wp:term":[{"taxonomy":"category","embeddable":true,"href":"https:\/\/hormigaradio.com\/index.php?rest_route=%2Fwp%2Fv2%2Fcategories&post=11298"},{"taxonomy":"post_tag","embeddable":true,"href":"https:\/\/hormigaradio.com\/index.php?rest_route=%2Fwp%2Fv2%2Ftags&post=11298"}],"curies":[{"name":"wp","href":"https:\/\/api.w.org\/{rel}","templated":true}]}}