{"id":11330,"date":"2020-10-23T02:32:13","date_gmt":"2020-10-23T02:32:13","guid":{"rendered":"http:\/\/hormigaradio.com\/?p=11330"},"modified":"2020-10-23T02:32:18","modified_gmt":"2020-10-23T02:32:18","slug":"ministro-de-salud-interno-en-santiago-por-contagio-coronavirus","status":"publish","type":"post","link":"https:\/\/hormigaradio.com\/?p=11330","title":{"rendered":"MINISTRO DE SALUD INTERNO EN SANTIAGO POR CONTAGIO CORONAVIRUS"},"content":{"rendered":"\n<p><strong>Por\u00a0<\/strong><a href=\"https:\/\/acento.com.do\/autor\/index.html?user_slug=mlaureano\">M\u00c1XIMO LAUREANO<\/a><strong>\u00a0<\/strong><\/p>\n\n\n\n<p>SANTIAGO DE LOS CABALLEROS, Rep\u00fablica Dominicana.- Plutarco Arias, m\u00e9dico neum\u00f3logo y ministro de Salud P\u00fablica, fue recluido en el hospital Uni\u00f3n M\u00e9dica del Norte, donde es atendido un d\u00eda despu\u00e9s de anunciar que di\u00f3 positivo en la prueba del coronavirus.<\/p>\n\n\n\n<p>\u201cEn este momento (est\u00e1) estable, est\u00e1 en sala cl\u00ednica recibiendo manejo de acuerdo al protocolo establecido\u201d, dijo Ver\u00f3nica Lokwoard, directora m\u00e9dica del centro de salud.<\/p>\n\n\n\n<p>El ministro Arias anunci\u00f3 que hab\u00eda dado positivo dos d\u00edas despu\u00e9s de asistir a un acto de prevenci\u00f3n del \u201cc\u00e1ncer de mama\u201d,&nbsp; en la zona franca de Santiago, donde se le vio usar dos mascarillas.<\/p>\n\n\n\n<p>Tambi\u00e9n se ha reportado que la esposa del ministro Arias asimismo ha sido ingresada en el hospital Uni\u00f3n M\u00e9dica del Norte, para llevar el mismo tratamiento.<\/p>\n\n\n\n<p>El martes el director de la Uni\u00f3n M\u00e9dica del Norte, Daniel Rivera, report\u00f3 que en ese hospital se hab\u00edan atendido a 1, 700 personas con coronavirus, desde marzo a la fecha.<\/p>\n<p>Impactos: 113<\/p>","protected":false},"excerpt":{"rendered":"<p>Por\u00a0M\u00c1XIMO LAUREANO\u00a0 SANTIAGO DE LOS CABALLEROS, Rep\u00fablica Dominicana.- Plutarco Arias, m\u00e9dico neum\u00f3logo y ministro de Salud P\u00fablica, fue recluido en el hospital Uni\u00f3n M\u00e9dica<\/p>\n","protected":false},"author":3,"featured_media":11331,"comment_status":"open","ping_status":"closed","sticky":false,"template":"","format":"standard","meta":[],"categories":[17],"tags":[],"_links":{"self":[{"href":"https:\/\/hormigaradio.com\/index.php?rest_route=\/wp\/v2\/posts\/11330"}],"collection":[{"href":"https:\/\/hormigaradio.com\/index.php?rest_route=\/wp\/v2\/posts"}],"about":[{"href":"https:\/\/hormigaradio.com\/index.php?rest_route=\/wp\/v2\/types\/post"}],"author":[{"embeddable":true,"href":"https:\/\/hormigaradio.com\/index.php?rest_route=\/wp\/v2\/users\/3"}],"replies":[{"embeddable":true,"href":"https:\/\/hormigaradio.com\/index.php?rest_route=%2Fwp%2Fv2%2Fcomments&post=11330"}],"version-history":[{"count":1,"href":"https:\/\/hormigaradio.com\/index.php?rest_route=\/wp\/v2\/posts\/11330\/revisions"}],"predecessor-version":[{"id":11332,"href":"https:\/\/hormigaradio.com\/index.php?rest_route=\/wp\/v2\/posts\/11330\/revisions\/11332"}],"wp:featuredmedia":[{"embeddable":true,"href":"https:\/\/hormigaradio.com\/index.php?rest_route=\/wp\/v2\/media\/11331"}],"wp:attachment":[{"href":"https:\/\/hormigaradio.com\/index.php?rest_route=%2Fwp%2Fv2%2Fmedia&parent=11330"}],"wp:term":[{"taxonomy":"category","embeddable":true,"href":"https:\/\/hormigaradio.com\/index.php?rest_route=%2Fwp%2Fv2%2Fcategories&post=11330"},{"taxonomy":"post_tag","embeddable":true,"href":"https:\/\/hormigaradio.com\/index.php?rest_route=%2Fwp%2Fv2%2Ftags&post=11330"}],"curies":[{"name":"wp","href":"https:\/\/api.w.org\/{rel}","templated":true}]}}