{"id":11338,"date":"2020-10-24T03:15:42","date_gmt":"2020-10-24T03:15:42","guid":{"rendered":"http:\/\/hormigaradio.com\/?p=11338"},"modified":"2020-10-24T03:15:47","modified_gmt":"2020-10-24T03:15:47","slug":"gobierno-pagara-subsidios-a-nini-para-alejarlos-del-delito","status":"publish","type":"post","link":"https:\/\/hormigaradio.com\/?p=11338","title":{"rendered":"GOBIERNO PAGAR\u00c1 SUBSIDIOS A &#8220;NINI&#8221; PARA ALEJARLOS DEL DELITO"},"content":{"rendered":"\n<p><strong>Por\u00a0<\/strong><a href=\"https:\/\/acento.com.do\/autor\/index.html?user_slug=servicios\">SERVICIOS DE ACENTO.COM.DO<\/a><\/p>\n\n\n\n<p><br>SANTO DOMINGO, Rep\u00fablica Dominicana.- El Gobierno dominicano present\u00f3 este viernes su programa de reinserci\u00f3n juvenil, en el que una de las principales medidas ser\u00e1 la entrega de un subsidio mensual de 1,000 pesos a los participantes que ni trabajan ni estudian, &#8220;ni-ni&#8221;, con el objetivo de alejarlos de la delincuencia.<\/p>\n\n\n\n<figure class=\"wp-block-image size-large\"><img loading=\"lazy\" width=\"780\" height=\"405\" src=\"http:\/\/hormigaradio.com\/wp-content\/uploads\/2020\/09\/Palacio-Nacional.jpg\" alt=\"\" class=\"wp-image-10979\" srcset=\"https:\/\/hormigaradio.com\/wp-content\/uploads\/2020\/09\/Palacio-Nacional.jpg 780w, https:\/\/hormigaradio.com\/wp-content\/uploads\/2020\/09\/Palacio-Nacional-300x156.jpg 300w, https:\/\/hormigaradio.com\/wp-content\/uploads\/2020\/09\/Palacio-Nacional-768x399.jpg 768w\" sizes=\"(max-width: 780px) 100vw, 780px\" \/><\/figure>\n\n\n\n<p>El programa, llamado Oportunidad 14-24, est\u00e1 orientado a j\u00f3venes de entre 14 y 24 a\u00f1os que viven en comunidades vulnerables y tiene como objetivo incluir hasta 10 mil j\u00f3venes en menos de un a\u00f1o, seg\u00fan detall\u00f3 el coordinador del Gabinete de Pol\u00edticas Sociales de la Presidencia, Tony Pe\u00f1a Guaba, en el acto de presentaci\u00f3n.<\/p>\n\n\n\n<p>El principal objetivo del programa es la disminuci\u00f3n de delincuencia juvenil, la drogadicci\u00f3n y otros problemas relacionados a la falta de oportunidades, tales como los embarazos adolescentes.<\/p>\n\n\n\n<p>Al presentar el programa, el presidente Luis Abinader explic\u00f3 que est\u00e1 orientado a j\u00f3venes ni-ni candidatos a acabar en la delincuencia &#8220;porque no ten\u00edan otra oportunidad&#8221;.<\/p>\n\n\n\n<p>&#8220;Cada peso invertido en este programa, es dejar de gastar 10 pesos en otros programas. Por cada joven que nosotros le demos oportunidades y no se involucre en la violencia nos estamos ahorrando diez veces m\u00e1s en seguridad, en c\u00e1rceles, en hospitales&#8221;, enumer\u00f3 Abinader.   <\/p>\n\n\n\n<p>https:\/\/platform.twitter.com\/embed\/index.html?creatorScreenName=Frontaly&#038;dnt=false&#038;embedId=twitter-widget-0&#038;frame=false&#038;hideCard=false&#038;hideThread=false&#038;id=1319757972155883520&#038;lang=es&#038;origin=https%3A%2F%2Facento.com.do%2Factualidad%2Fgobierno-pagara-subsidios-a-los-jovenes-para-alejarlos-de-la-delincuencia-8875186.html&#038;siteScreenName=acentodiario&#038;theme=light&#038;widgetsVersion=ed20a2b%3A1601588405575&#038;width=550px<\/p>\n\n\n\n<p>Adem\u00e1s de los subsidios directos, el programa ofrecer\u00e1 cursos de formaci\u00f3n t\u00e9cnica, un plan de inserci\u00f3n laboral y actividades culturales y deportivas, con el objetivo de cultivar valores, entre otros aspectos.<\/p>\n\n\n\n<p>La iniciativa ser\u00e1 lanzada a partir del 16 de noviembre con 500 j\u00f3venes residentes de los barrios del Gran Santo Domingo y el Distrito Nacional.<\/p>\n\n\n\n<p>En una segunda fase se incorporar\u00e1n otros 500 j\u00f3venes y en el plazo de un a\u00f1o se llegar\u00e1 hasta 10 mil personas en todo el territorio nacional, seg\u00fan adelant\u00f3 Pe\u00f1a Guaba.<img loading=\"lazy\" alt=\"\" src=\"https:\/\/acento.com.do\/media\/storage02\/uploads\/2020\/10\/380a091a-2f78-468e-a526-06834824cd69.jpg\" width=\"1024\" height=\"682\"><\/p>\n\n\n\n<p>Abinader destac\u00f3 que el&nbsp; proyecto se traduce en j\u00f3venes que se dejan de involucrar en la violencia, lo que entra\u00f1a m\u00e1s ahorro en c\u00e1rceles, hospitales &#8220;y, por ende, tendremos una sociedad mucho m\u00e1s segura&#8221;.<\/p>\n\n\n\n<p>En el programa tambi\u00e9n participar\u00e1n otras instituciones del Gobierno, la iglesia y el sector empresarial, con el acompa\u00f1amiento de varias dependencias de la Organizaci\u00f3n de las Naciones Unidas (ONU).<\/p>\n\n\n\n<p>El programa inicialmente ser\u00e1 puesto en marcha en Capotillo, La Victoria, La Nueva Barquita, Los Guaricanos, Villa Mella, Guerra, Los Alcarrizos, Pedro Brand, Boca Chica y Ensanche Luper\u00f3n, para ir extendi\u00e9ndose a todo el territorio nacional.<\/p>\n\n\n\n<p>Adolescentes y j\u00f3venes que se encuentran en condici\u00f3n de alto riesgo de vulnerabilidad social, como presi\u00f3n de grupo, maltrato, propensos a adicci\u00f3n, inseguridad social, falta de empleo, feminicidio, violencia intrafamiliar y en conflicto con la ley ver\u00e1n un mejor horizonte.<\/p>\n\n\n\n<p>Pe\u00f1a detall\u00f3 que el programa usar\u00e1 los Centros Tecnol\u00f3gicos Comunitarios (CTCs), las escuelas vocacionales del Ministerio de Defensa, Centros Comunitarios en Inform\u00e1tica (CCI) y los centros comunales.<\/p>\n\n\n\n<p>Los participantes del programa ser\u00e1n caracterizados por el Sistema \u00danico de Beneficiarios (SIUBEN), por el \u00edndice de calidad de vida de los hogares de que provienen y que para la fase demostrativa ser\u00e1n priorizados los residentes de los barrios del gran Santo Domingo y el Distrito Nacional.<\/p>\n\n\n\n<p><strong>Naciones Unidas como socio estrat\u00e9gico&nbsp;<\/strong><\/p>\n\n\n\n<p>El programa cuenta con el apoyo tambi\u00e9n del Sistema de Naciones Unidas mediante las agencias Programa de las Naciones Unidas para el Desarrollo (PNUD), Fondo de Poblaci\u00f3n de las Naciones Unidas (UNFPA por sus siglas en ingles) y el Fondo de las Naciones Unidas para la Infancia (UNICEF por sus siglas e ingl\u00e9s).<\/p>\n\n\n\n<p>Mauricio Ram\u00edrez Villegas, coordinador residente del Sistema de Naciones Unidas, felicit\u00f3 al Gobierno dominicano por poner una vez a los vulnerables en el centro de sus pol\u00edticas p\u00fablicas.<\/p>\n\n\n\n<p>Reiter\u00f3, en nombre de la organizaci\u00f3n, el compromiso de acompa\u00f1ar al Gobierno y al pa\u00eds en la implementaci\u00f3n de sus prioridades de pol\u00edtica social y el cumplimiento de la Agenda 2030 y sus objetivos de desarrollo sostenible.<\/p>\n\n\n\n<p>Durante el acto, llevado a cabo en el Sal\u00f3n Las Cari\u00e1tides del Palacio Nacional, estuvieron presentes, los ministros de Defensa, Carlos Luciano D\u00edaz Morfa; Educaci\u00f3n, Ciencia y Tecnolog\u00eda, Franklin Garc\u00eda Ferm\u00edn; de Trabajo, Miguel De Camps; Deportes y Recreaci\u00f3n, Francisco Camacho y de Cultura, Carmen Heredia.<\/p>\n\n\n\n<p>Asimismo, el director general del Instituto Nacional de Formaci\u00f3n T\u00e9cnico Profesional (INFOTEP), Rafael Santos Bad\u00eda; la presidenta ejecutiva del Consejo Nacional para la Ni\u00f1ez y la Adolescencia (CONANI), Paula Disla. y el director general de Comedores Econ\u00f3micos, Edgar Augusto F\u00e9lix M\u00e9ndez.<\/p>\n\n\n\n<p>Tambi\u00e9n, la directora del Plan Social de la Presidencia, Yadira Henr\u00edquez, el director general de Banca Solidaria, Porfirio Peralta; el director de la OMSA, Radham\u00e9s Gonz\u00e1lez; el director de los Centros Tecnol\u00f3gicos Comunitarios, Isidro Torres Beltre, y el director del Instituto Dominicano de las Telecomunicaciones (INDOTEL), Nelson Arroyo.<\/p>\n\n\n\n<p>Por \u00faltimo, el director Nacional de Control de Drogas, Jos\u00e9 Cabrera Ulloa, el padre Fray Aristides Jim\u00e9nez, de la iglesia Pastoral Penitenciaria, el representante de la UNICEF, Rosa Elcarte L\u00f3pez; del PNUD, Inka Mattila, y de la UNFPA, Sonia V\u00e1squez<\/p>\n<p>Impactos: 1207<\/p>","protected":false},"excerpt":{"rendered":"<p>Por\u00a0SERVICIOS DE ACENTO.COM.DO SANTO DOMINGO, Rep\u00fablica Dominicana.- El Gobierno dominicano present\u00f3 este viernes su programa de reinserci\u00f3n juvenil, en el que una de las<\/p>\n","protected":false},"author":3,"featured_media":11339,"comment_status":"open","ping_status":"closed","sticky":false,"template":"","format":"standard","meta":[],"categories":[6],"tags":[],"_links":{"self":[{"href":"https:\/\/hormigaradio.com\/index.php?rest_route=\/wp\/v2\/posts\/11338"}],"collection":[{"href":"https:\/\/hormigaradio.com\/index.php?rest_route=\/wp\/v2\/posts"}],"about":[{"href":"https:\/\/hormigaradio.com\/index.php?rest_route=\/wp\/v2\/types\/post"}],"author":[{"embeddable":true,"href":"https:\/\/hormigaradio.com\/index.php?rest_route=\/wp\/v2\/users\/3"}],"replies":[{"embeddable":true,"href":"https:\/\/hormigaradio.com\/index.php?rest_route=%2Fwp%2Fv2%2Fcomments&post=11338"}],"version-history":[{"count":1,"href":"https:\/\/hormigaradio.com\/index.php?rest_route=\/wp\/v2\/posts\/11338\/revisions"}],"predecessor-version":[{"id":11340,"href":"https:\/\/hormigaradio.com\/index.php?rest_route=\/wp\/v2\/posts\/11338\/revisions\/11340"}],"wp:featuredmedia":[{"embeddable":true,"href":"https:\/\/hormigaradio.com\/index.php?rest_route=\/wp\/v2\/media\/11339"}],"wp:attachment":[{"href":"https:\/\/hormigaradio.com\/index.php?rest_route=%2Fwp%2Fv2%2Fmedia&parent=11338"}],"wp:term":[{"taxonomy":"category","embeddable":true,"href":"https:\/\/hormigaradio.com\/index.php?rest_route=%2Fwp%2Fv2%2Fcategories&post=11338"},{"taxonomy":"post_tag","embeddable":true,"href":"https:\/\/hormigaradio.com\/index.php?rest_route=%2Fwp%2Fv2%2Ftags&post=11338"}],"curies":[{"name":"wp","href":"https:\/\/api.w.org\/{rel}","templated":true}]}}