{"id":11341,"date":"2020-10-24T17:20:47","date_gmt":"2020-10-24T17:20:47","guid":{"rendered":"http:\/\/hormigaradio.com\/?p=11341"},"modified":"2020-10-26T20:03:44","modified_gmt":"2020-10-26T20:03:44","slug":"descartes-a-la-carta","status":"publish","type":"post","link":"https:\/\/hormigaradio.com\/?p=11341","title":{"rendered":"Descartes a la carta"},"content":{"rendered":"\n<p><\/p>\n\n\n\n<p>De ser como lo plantea Descartes otros seres desprovistos de esa facultad o no existen o no tendr\u00edan por qu\u00e9 existir, lo cual resulta tan desafiante como absurdo, vista la realidad que tenemos por delante y que plantea concreciones.<\/p>\n\n\n\n<p><strong>Por&nbsp;<\/strong><a href=\"https:\/\/acento.com.do\/autor\/index.html?user_slug=rafaelp\">RAFAEL P RODR\u00cdGUEZ<\/a><strong>&nbsp;<\/strong><\/p>\n\n\n\n<figure class=\"wp-block-image size-large\"><img\/><\/figure>\n\n\n\n<p>\u201cCogito ergo sum\u201d es una frase latina cuya traducci\u00f3n dir\u00e1&nbsp; \u201cpienso, luego existo,\u201d expuesta por el filosofo franc\u00e9s Ren\u00e9&nbsp; Descartes, autor del m\u00e9todo cartesiano que abre las puertas al pensamiento racional moderno y que impone la duda como raz\u00f3n eficiente.<\/p>\n\n\n\n<p>Esta frase es hermosa.<\/p>\n\n\n\n<p>Pero, examinado su contenido, se observa un fallo notable en ella.<\/p>\n\n\n\n<p>Resulta insuficiente para explicar, per se, la existencia.<\/p>\n\n\n\n<p>Hay algo que luce falso o, al menos, mal planteado ah\u00ed.<\/p>\n\n\n\n<p>La existencia-y he aqu\u00ed el punto clave-, no necesariamente est\u00e1 determinada por el pensamiento y solo por \u00e9l.<\/p>\n\n\n\n<p>De ser como lo plantea Descartes otros seres desprovistos de esa facultad o no existen o no tendr\u00edan por qu\u00e9 existir, lo cual resulta tan desafiante como absurdo, vista la realidad que tenemos por delante y que plantea concreciones.<\/p>\n\n\n\n<p>El pensamiento, insistimos, no forja al ser, no lo hace ser.<\/p>\n\n\n\n<p>Un ni\u00f1o, por ejemplo, no tiene, aunque sea muy listo e improvise palabras ingeniosas, pensamiento, entendido&nbsp; \u00e9ste&nbsp; como sistema de ideas elaboradas y que responden a un habla racionalizada y meditada.<\/p>\n\n\n\n<p>Lo mismo sucede con un monje en pleno trance profundo.<\/p>\n\n\n\n<p>Aunque mantiene la raz\u00f3n y siente el mundo y es sensible a \u00e9l y a sus fen\u00f3menos, su mente, su conciencia, est\u00e1 alejada de lo que llamamos&nbsp; con el nombre de \u201cpensamiento\u201d.<\/p>\n\n\n\n<p>Hubiera sido m\u00e1s feliz, m\u00e1s potable este juicio si- para nuestro entendimiento- Descartes lo hubiera planteado de este modo:<\/p>\n\n\n\n<p>\u201cPienso, luego soy consciente de mi existencia\u201d.<\/p>\n\n\n\n<p>Luce m\u00e1s acabado, m\u00e1s comprensible y aun m\u00e1s filos\u00f3fico<\/p>\n<p>Impactos: 1330<\/p>","protected":false},"excerpt":{"rendered":"<p>De ser como lo plantea Descartes otros seres desprovistos de esa facultad o no existen o no tendr\u00edan por qu\u00e9 existir, lo cual resulta<\/p>\n","protected":false},"author":3,"featured_media":11356,"comment_status":"open","ping_status":"closed","sticky":false,"template":"","format":"standard","meta":[],"categories":[7],"tags":[],"_links":{"self":[{"href":"https:\/\/hormigaradio.com\/index.php?rest_route=\/wp\/v2\/posts\/11341"}],"collection":[{"href":"https:\/\/hormigaradio.com\/index.php?rest_route=\/wp\/v2\/posts"}],"about":[{"href":"https:\/\/hormigaradio.com\/index.php?rest_route=\/wp\/v2\/types\/post"}],"author":[{"embeddable":true,"href":"https:\/\/hormigaradio.com\/index.php?rest_route=\/wp\/v2\/users\/3"}],"replies":[{"embeddable":true,"href":"https:\/\/hormigaradio.com\/index.php?rest_route=%2Fwp%2Fv2%2Fcomments&post=11341"}],"version-history":[{"count":4,"href":"https:\/\/hormigaradio.com\/index.php?rest_route=\/wp\/v2\/posts\/11341\/revisions"}],"predecessor-version":[{"id":11368,"href":"https:\/\/hormigaradio.com\/index.php?rest_route=\/wp\/v2\/posts\/11341\/revisions\/11368"}],"wp:featuredmedia":[{"embeddable":true,"href":"https:\/\/hormigaradio.com\/index.php?rest_route=\/wp\/v2\/media\/11356"}],"wp:attachment":[{"href":"https:\/\/hormigaradio.com\/index.php?rest_route=%2Fwp%2Fv2%2Fmedia&parent=11341"}],"wp:term":[{"taxonomy":"category","embeddable":true,"href":"https:\/\/hormigaradio.com\/index.php?rest_route=%2Fwp%2Fv2%2Fcategories&post=11341"},{"taxonomy":"post_tag","embeddable":true,"href":"https:\/\/hormigaradio.com\/index.php?rest_route=%2Fwp%2Fv2%2Ftags&post=11341"}],"curies":[{"name":"wp","href":"https:\/\/api.w.org\/{rel}","templated":true}]}}