{"id":11346,"date":"2020-10-25T23:19:19","date_gmt":"2020-10-25T23:19:19","guid":{"rendered":"http:\/\/hormigaradio.com\/?p=11346"},"modified":"2020-10-25T23:39:59","modified_gmt":"2020-10-25T23:39:59","slug":"juanchy-sanchy-principal-accionista-aguilas-se-accidente-en-el-mar","status":"publish","type":"post","link":"https:\/\/hormigaradio.com\/?p=11346","title":{"rendered":"JUANCHY S\u00c1NCHEZ: PRINCIPAL ACCIONISTA \u00c1GUILAS CIBAE\u00d1AS SE ACCIDENTE EN EL MAR"},"content":{"rendered":"\n<p><strong>Por&nbsp;<\/strong><a href=\"https:\/\/acento.com.do\/autor\/index.html?user_slug=mlaureano\">M\u00c1XIMO LAUREANO<\/a><strong>&nbsp;<\/strong><\/p>\n\n\n\n<p><strong><em>Junto a S\u00e1chez, estaban otras personas, que tambi\u00e9n  fueron  hospitalizada.<\/em><\/strong><\/p>\n\n\n\n<p>SANTIAGO DE LOS CABALLEROS, Rep\u00fablica Dominicana.-Tras accidentarse mientras hac\u00eda un recorrido en una lancha en Montecristi, fue trasladado a un centro de salud de la ciudad de Santiago de los Caballeros, el empresario Juanchy S\u00e1nchez, uno de los principales accionistas del equipo de b\u00e9isbol \u00c1guilas Cibae\u00f1as.<\/p>\n\n\n\n<p><\/p>\n\n\n\n<figure class=\"wp-block-image size-large\"><img loading=\"lazy\" width=\"728\" height=\"410\" src=\"http:\/\/hormigaradio.com\/wp-content\/uploads\/2020\/10\/accident-monte.jpeg\" alt=\"\" class=\"wp-image-11347\" srcset=\"https:\/\/hormigaradio.com\/wp-content\/uploads\/2020\/10\/accident-monte.jpeg 728w, https:\/\/hormigaradio.com\/wp-content\/uploads\/2020\/10\/accident-monte-300x169.jpeg 300w\" sizes=\"(max-width: 728px) 100vw, 728px\" \/><figcaption><strong>Foto: Colaboraci\u00f3n, Jose Manuel Castillo.  <\/strong><\/figcaption><\/figure>\n\n\n\n<ul class=\"wp-container-1 wp-block-social-links\">\n\n\n\n\n\n\n\n\n\n<\/ul>\n\n\n\n<p>S\u00e1nchez fue llevado al centro de salud doctora Suero, en San Fernando de Montecristi, para recibir las primeras atenciones, luego fue trasladado a Santiago.<\/p>\n\n\n\n<p>&#8220;Informar a la gran cantidad de amigos que me ha llamado sobre el accidente de mis hermanos Juanchy y Carlos en Montecristi que todav\u00eda tengo poca informaci\u00f3n y que estoy camino al recinto m\u00e9dico de Santiago donde han sido trasladados&#8221;, inform\u00f3 Luichy S\u00e1nchez, en su cuenta de Twitter, en relaci\u00f3n a la situaci\u00f3n de su  el hermano.<\/p>\n\n\n\n<p>Junto al empresario S\u00e1nchez estaban familiares y otras personas, que tambien resultaron con lesiones.<\/p>\n\n\n\n<p>Juanchy S\u00e1nchez, ademas de ser uno de los principales accionista de las \u00c1guilas, ha sido tambi\u00e9n encargado de la comercializaci\u00f3n del equipo.<\/p>\n<p>Impactos: 114<\/p>","protected":false},"excerpt":{"rendered":"<p>Por&nbsp;M\u00c1XIMO LAUREANO&nbsp; Junto a S\u00e1chez, estaban otras personas, que tambi\u00e9n fueron hospitalizada. SANTIAGO DE LOS CABALLEROS, Rep\u00fablica Dominicana.-Tras accidentarse mientras hac\u00eda un recorrido en<\/p>\n","protected":false},"author":3,"featured_media":11352,"comment_status":"open","ping_status":"closed","sticky":false,"template":"","format":"standard","meta":[],"categories":[3],"tags":[],"_links":{"self":[{"href":"https:\/\/hormigaradio.com\/index.php?rest_route=\/wp\/v2\/posts\/11346"}],"collection":[{"href":"https:\/\/hormigaradio.com\/index.php?rest_route=\/wp\/v2\/posts"}],"about":[{"href":"https:\/\/hormigaradio.com\/index.php?rest_route=\/wp\/v2\/types\/post"}],"author":[{"embeddable":true,"href":"https:\/\/hormigaradio.com\/index.php?rest_route=\/wp\/v2\/users\/3"}],"replies":[{"embeddable":true,"href":"https:\/\/hormigaradio.com\/index.php?rest_route=%2Fwp%2Fv2%2Fcomments&post=11346"}],"version-history":[{"count":5,"href":"https:\/\/hormigaradio.com\/index.php?rest_route=\/wp\/v2\/posts\/11346\/revisions"}],"predecessor-version":[{"id":11355,"href":"https:\/\/hormigaradio.com\/index.php?rest_route=\/wp\/v2\/posts\/11346\/revisions\/11355"}],"wp:featuredmedia":[{"embeddable":true,"href":"https:\/\/hormigaradio.com\/index.php?rest_route=\/wp\/v2\/media\/11352"}],"wp:attachment":[{"href":"https:\/\/hormigaradio.com\/index.php?rest_route=%2Fwp%2Fv2%2Fmedia&parent=11346"}],"wp:term":[{"taxonomy":"category","embeddable":true,"href":"https:\/\/hormigaradio.com\/index.php?rest_route=%2Fwp%2Fv2%2Fcategories&post=11346"},{"taxonomy":"post_tag","embeddable":true,"href":"https:\/\/hormigaradio.com\/index.php?rest_route=%2Fwp%2Fv2%2Ftags&post=11346"}],"curies":[{"name":"wp","href":"https:\/\/api.w.org\/{rel}","templated":true}]}}