{"id":11373,"date":"2020-10-28T03:18:38","date_gmt":"2020-10-28T03:18:38","guid":{"rendered":"http:\/\/hormigaradio.com\/?p=11373"},"modified":"2020-10-28T03:18:44","modified_gmt":"2020-10-28T03:18:44","slug":"ministro-salud-dado-de-alta-tras-mejoria-por-contagio-coronavirus","status":"publish","type":"post","link":"https:\/\/hormigaradio.com\/?p=11373","title":{"rendered":"MINISTRO SALUD DADO DE ALTA TRAS MEJOR\u00cdA POR CONTAGIO CORONAVIRUS"},"content":{"rendered":"\n<p><strong>Por\u00a0<\/strong><a href=\"https:\/\/acento.com.do\/autor\/index.html?user_slug=mlaureano\">M\u00c1XIMO LAUREANO<\/a><\/p>\n\n\n\n<p>SANTIAGO DE LOS CABALLEROS, Rep\u00fablica Dominicana.- El ministro de Salud P\u00fablica, Plutarco Arias, quien estaba hospitalizado desde hace una semana al caer v\u00edctima de la covid-19,\u00a0fue dado de alta este martes confirmaron las autoridades del hospital Uni\u00f3n M\u00e9dica del Norte.<\/p>\n\n\n\n<p>La doctora Ver\u00f3nica Lockword, subdirectora m\u00e9dica del centro de salud, afirm\u00f3 que Arias fue enviado a su casa debido que ha tenido un proceso de recuperaci\u00f3n muy satisfactorio.<\/p>\n\n\n\n<p>El ministro Plutarco Arias anunci\u00f3 el pasado mi\u00e9rcoles 21 de octubre que hab\u00eda dado positivo al coronavirus y al d\u00eda siguiente fue internado junto a su esposa, tambi\u00e9n contagiada.<\/p>\n\n\n\n<p>&#8220;Fue dado de alta hoy, en muy buenas condiciones&#8221;, dijo la doctora Lockword a la redacci\u00f3n de Acento.com.do en Santiago<\/p>\n<p>Impactos: 84<\/p>","protected":false},"excerpt":{"rendered":"<p>Por\u00a0M\u00c1XIMO LAUREANO SANTIAGO DE LOS CABALLEROS, Rep\u00fablica Dominicana.- El ministro de Salud P\u00fablica, Plutarco Arias, quien estaba hospitalizado desde hace una semana al caer<\/p>\n","protected":false},"author":3,"featured_media":11331,"comment_status":"open","ping_status":"closed","sticky":false,"template":"","format":"standard","meta":[],"categories":[17],"tags":[],"_links":{"self":[{"href":"https:\/\/hormigaradio.com\/index.php?rest_route=\/wp\/v2\/posts\/11373"}],"collection":[{"href":"https:\/\/hormigaradio.com\/index.php?rest_route=\/wp\/v2\/posts"}],"about":[{"href":"https:\/\/hormigaradio.com\/index.php?rest_route=\/wp\/v2\/types\/post"}],"author":[{"embeddable":true,"href":"https:\/\/hormigaradio.com\/index.php?rest_route=\/wp\/v2\/users\/3"}],"replies":[{"embeddable":true,"href":"https:\/\/hormigaradio.com\/index.php?rest_route=%2Fwp%2Fv2%2Fcomments&post=11373"}],"version-history":[{"count":1,"href":"https:\/\/hormigaradio.com\/index.php?rest_route=\/wp\/v2\/posts\/11373\/revisions"}],"predecessor-version":[{"id":11374,"href":"https:\/\/hormigaradio.com\/index.php?rest_route=\/wp\/v2\/posts\/11373\/revisions\/11374"}],"wp:featuredmedia":[{"embeddable":true,"href":"https:\/\/hormigaradio.com\/index.php?rest_route=\/wp\/v2\/media\/11331"}],"wp:attachment":[{"href":"https:\/\/hormigaradio.com\/index.php?rest_route=%2Fwp%2Fv2%2Fmedia&parent=11373"}],"wp:term":[{"taxonomy":"category","embeddable":true,"href":"https:\/\/hormigaradio.com\/index.php?rest_route=%2Fwp%2Fv2%2Fcategories&post=11373"},{"taxonomy":"post_tag","embeddable":true,"href":"https:\/\/hormigaradio.com\/index.php?rest_route=%2Fwp%2Fv2%2Ftags&post=11373"}],"curies":[{"name":"wp","href":"https:\/\/api.w.org\/{rel}","templated":true}]}}