{"id":11375,"date":"2020-10-28T16:25:55","date_gmt":"2020-10-28T16:25:55","guid":{"rendered":"http:\/\/hormigaradio.com\/?p=11375"},"modified":"2020-10-28T16:26:00","modified_gmt":"2020-10-28T16:26:00","slug":"adp-santiago-denuncia-no-hay-condiciones-para-iniciar-clases-el-lunes-video","status":"publish","type":"post","link":"https:\/\/hormigaradio.com\/?p=11375","title":{"rendered":"ADP SANTIAGO DENUNCIA NO HAY CONDICIONES PARA INICIAR CLASES EL LUNES (v\u00eddeo)"},"content":{"rendered":"\n<p><strong>Por\u00a0<\/strong><a href=\"https:\/\/acento.com.do\/autor\/index.html?user_slug=mlaureano\">M\u00c1XIMO LAUREANO<\/a><\/p>\n\n\n\n<figure class=\"wp-block-embed-youtube wp-block-embed is-type-video is-provider-youtube wp-embed-aspect-16-9 wp-has-aspect-ratio\"><div class=\"wp-block-embed__wrapper\">\n<iframe loading=\"lazy\"  id=\"_ytid_69902\" width=\"715\" height=\"402\"  data-origwidth=\"715\" data-origheight=\"402\"  src=\"https:\/\/www.youtube.com\/embed\/XF1lj5r8s5U?enablejsapi=1&#038;autoplay=0&#038;cc_load_policy=0&#038;iv_load_policy=1&#038;loop=0&#038;modestbranding=0&#038;rel=1&#038;fs=1&#038;playsinline=0&#038;autohide=2&#038;theme=dark&#038;color=red&#038;controls=1&#038;\" class=\"__youtube_prefs__\" title=\"YouTube player\"  allow=\"autoplay; encrypted-media\" allowfullscreen data-no-lazy=\"1\" data-skipgform_ajax_framebjll=\"\"><\/iframe>\n<\/div><\/figure>\n\n\n\n<p>SANTIAGO DE LOS CABALLEROS, Rep\u00fablica Dominicana.- Representantes de la Asociaci\u00f3n Dominicana de Profesores (ADP) en Santiago denunciaron que, &#8220;debido a la improvisaci\u00f3n de las autoridades del Ministerio\u00a0 de Educaci\u00f3n&#8221;, no hay condiciones para iniciar la docencia con la metodolog\u00eda virtual.<\/p>\n\n\n\n<p>Miguel Jorge, directivo del gremio, afirm\u00f3 que por esa raz\u00f3n las autoridades deben considerar una posposici\u00f3n para empezar las labores con los estudiantes.<\/p>\n\n\n\n<p>Entre otros aspectos, como la capacitaci\u00f3n de los maestros, la orientaci\u00f3n de los padres de los alumnos, Jorge ha dicho que &#8220;son muy pocas&#8221; las escuelas estatales que cuentan con una conexi\u00f3n adecuada de internet para impartir docencia a distancia a partir del lunes 2 de noviembre.<\/p>\n\n\n\n<p>Los \u00a0directivos de la ADP agregaron que de iniciarse las clases en las condiciones citadas &#8220;no hay garant\u00eda de que se desarrolle un a\u00f1o escolar con la calidad que se requiere&#8221; en medio de la pandemia del coronavirus<a href=\"https:\/\/acento.com.do\/tags.html?tag=asociacion-dominicana-de-profesores-adp\">.<\/a><\/p>\n<p>Impactos: 88<\/p>","protected":false},"excerpt":{"rendered":"<p>Por\u00a0M\u00c1XIMO LAUREANO SANTIAGO DE LOS CABALLEROS, Rep\u00fablica Dominicana.- Representantes de la Asociaci\u00f3n Dominicana de Profesores (ADP) en Santiago denunciaron que, &#8220;debido a la improvisaci\u00f3n<\/p>\n","protected":false},"author":3,"featured_media":11376,"comment_status":"open","ping_status":"closed","sticky":false,"template":"","format":"standard","meta":[],"categories":[8],"tags":[],"_links":{"self":[{"href":"https:\/\/hormigaradio.com\/index.php?rest_route=\/wp\/v2\/posts\/11375"}],"collection":[{"href":"https:\/\/hormigaradio.com\/index.php?rest_route=\/wp\/v2\/posts"}],"about":[{"href":"https:\/\/hormigaradio.com\/index.php?rest_route=\/wp\/v2\/types\/post"}],"author":[{"embeddable":true,"href":"https:\/\/hormigaradio.com\/index.php?rest_route=\/wp\/v2\/users\/3"}],"replies":[{"embeddable":true,"href":"https:\/\/hormigaradio.com\/index.php?rest_route=%2Fwp%2Fv2%2Fcomments&post=11375"}],"version-history":[{"count":1,"href":"https:\/\/hormigaradio.com\/index.php?rest_route=\/wp\/v2\/posts\/11375\/revisions"}],"predecessor-version":[{"id":11377,"href":"https:\/\/hormigaradio.com\/index.php?rest_route=\/wp\/v2\/posts\/11375\/revisions\/11377"}],"wp:featuredmedia":[{"embeddable":true,"href":"https:\/\/hormigaradio.com\/index.php?rest_route=\/wp\/v2\/media\/11376"}],"wp:attachment":[{"href":"https:\/\/hormigaradio.com\/index.php?rest_route=%2Fwp%2Fv2%2Fmedia&parent=11375"}],"wp:term":[{"taxonomy":"category","embeddable":true,"href":"https:\/\/hormigaradio.com\/index.php?rest_route=%2Fwp%2Fv2%2Fcategories&post=11375"},{"taxonomy":"post_tag","embeddable":true,"href":"https:\/\/hormigaradio.com\/index.php?rest_route=%2Fwp%2Fv2%2Ftags&post=11375"}],"curies":[{"name":"wp","href":"https:\/\/api.w.org\/{rel}","templated":true}]}}