{"id":11659,"date":"2020-12-12T02:15:49","date_gmt":"2020-12-12T02:15:49","guid":{"rendered":"http:\/\/hormigaradio.com\/?p=11659"},"modified":"2020-12-12T02:37:19","modified_gmt":"2020-12-12T02:37:19","slug":"fernando-rosa-tambien-estuvo-entre-imputados-del-caso-peme","status":"publish","type":"post","link":"https:\/\/hormigaradio.com\/?p=11659","title":{"rendered":"FERNANDO ROSA TAMBI\u00c9N ESTUVO ENTRE IMPUTADOS DEL CASO PEME"},"content":{"rendered":"<div class=\"article-body-content\">\n<p>Por\u00a0<a class=\"text-font font-700\" href=\"https:\/\/acento.com.do\/autor\/index.html?user_slug=mlaureano\">M\u00c1XIMO LAUREANO<\/a><\/p>\n<figure id=\"attachment_11662\" aria-describedby=\"caption-attachment-11662\" style=\"width: 715px\" class=\"wp-caption alignleft\"><a href=\"http:\/\/hormigaradio.com\/?attachment_id=11662\" rel=\"attachment wp-att-11662\"><img loading=\"lazy\" class=\"wp-image-11662 size-large\" src=\"http:\/\/hormigaradio.com\/wp-content\/uploads\/2020\/12\/WhatsApp-Image-2020-12-11-at-10.31.29-PM-768x1024.jpeg\" alt=\"\" width=\"715\" height=\"953\" srcset=\"https:\/\/hormigaradio.com\/wp-content\/uploads\/2020\/12\/WhatsApp-Image-2020-12-11-at-10.31.29-PM-768x1024.jpeg 768w, https:\/\/hormigaradio.com\/wp-content\/uploads\/2020\/12\/WhatsApp-Image-2020-12-11-at-10.31.29-PM-225x300.jpeg 225w, https:\/\/hormigaradio.com\/wp-content\/uploads\/2020\/12\/WhatsApp-Image-2020-12-11-at-10.31.29-PM.jpeg 960w\" sizes=\"(max-width: 715px) 100vw, 715px\" \/><\/a><figcaption id=\"caption-attachment-11662\" class=\"wp-caption-text\"><em>Expediente caso PEME.<\/em><\/figcaption><\/figure>\n<p>SANTIAGO DE LOS CABALLEROS, Rep\u00fablica Dominicana.-No es la primera vez que Fernando Manuel Aquilino Rosa Rosa, ex presidente del Fondo Patrimonial para las Empresas Reformadas (Fonper) y como tal uno de los siete con prisi\u00f3n preventiva en el Caso Pulpo, enfrenta a la justicia por presunto mal manejo del dinero p\u00fablico.<\/p>\n<p>Hace 20 a\u00f1os, el hasta hace poco hombre de confianza del\u00a0 Gobierno en Santiago, fue sometido a la justicia con la imputaci\u00f3n de asociaci\u00f3n de malhechores por su vinculaci\u00f3n en el caso del Programa M\u00ednimo de Empleos (PEME), creado en la gesti\u00f3n 1996-2000 del Partido de la Liberaci\u00f3n Dominicana (PLD), en el cual 13 funcionarios incurrieron en una supuesta estafa al Estado.<\/p>\n<p>Seg\u00fan el expediente del caso PEME, Rosa Rosa fue implicado por violaci\u00f3n a los art\u00edculos 102 y 115 de la Constituci\u00f3n de la Rep\u00fablica. En el expediente tambi\u00e9n se hace referencia al art\u00edculo 265 C\u00f3digo Penal.<\/p>\n<p>\u201cToda asociaci\u00f3n formada, cualquiera que sea su duraci\u00f3n o el n\u00famero de sus miembros; todo concierto establecido con el objetivo de preparar o de cometer cr\u00edmenes contras las personas o contra las propiedades constituyen un crimen contra la paz p\u00fablica\u201d, se lee en el art\u00edculo relacionado a las infracciones cometidas por Rosa Rosa.<\/p>\n<picture class=\"image\"><\/picture>Para entonces, fue sometido a la Justicia ante la Procuradur\u00eda\u00a0 Fiscal del Distrito Nacional, junto a otros 12 compa\u00f1eros del PLD, por el representante del Departamento de Prevenci\u00f3n de la Corrupci\u00f3n (Depreco) Jes\u00fas F\u00e9lix Jim\u00e9nez, por asociaci\u00f3n de malhechores, seg\u00fan consta en el expediente.<\/p>\n<p>Rosa Rosa figura como c\u00f3mplices de las infracciones imputadas a Luis Inchausti Rivera, Le\u00f3n Antonio L\u00f3pez Mata, Grecia Mar\u00eda Peguero Rivera, Diandino Adriano Pe\u00f1a Crique, \u00a0Sim\u00f3n Lizardo M\u00e9zquita,\u00a0 Haivanjoe De Jes\u00fas NG Corti\u00f1as y No\u00e9 Mar\u00eda Camacho Ovalle.<\/p>\n<p>Otros que figuran como c\u00f3mplices en el expediente del PEME son Ram\u00f3n V. Ventura P., Charles Luis Arias Mendoza, Elvis A., Jim\u00e9nez R., Oscar Hern\u00e1ndez Mosquea y Eduardo P\u00e9rez. El sometimiento a la Justicia se produjo el 23 de noviembre del a\u00f1o 2000, en la\u00a0 gesti\u00f3n de Gobierno de Hip\u00f3lito Mej\u00eda Dom\u00ednguez.<\/p>\n<p><strong>El hombre fuerte del \u201cdanilismo\u201d<\/strong><\/p>\n<picture class=\"image\"><img loading=\"lazy\" src=\"https:\/\/acento.com.do\/media\/storage02\/uploads\/2020\/12\/fernando-en-campana-2-full-728x410.webp\" alt=\"\" width=\"847\" height=\"847\" \/><\/picture>Fernando Rosa, oriundo del municipio de Pu\u00f1al, provincia Santiago, fue hasta el 16 de agosto del 2020 el hombre de confianza en la zona boreal del pa\u00eds del Gobierno del PLD, encabezado por Danilo Medina S\u00e1nchez, en los per\u00edodos 2012-2020.<\/p>\n<p>Los \u201cdanilistas\u201d en Santiago ten\u00edan en Fernando Rosa el hombre de las decisiones importantes para asuntos internos del partido y para los puestos en las instituciones estatales.<\/p>\n<p>El \u201cdanilismo\u201d en Santiago siempre estuvo polarizado entre Ram\u00f3n Mar\u00eda Rodr\u00edguez Flores (Monchy) y Fernando Rosa. Ambos quitaban y pon\u00edan en las instituciones y se disputaban la hegemon\u00eda pol\u00edtica.<\/p>\n<p>Se recuerda que en 2012, cuando Silvio Dur\u00e1n asumi\u00f3 como director de la Corporaci\u00f3n de Acueducto y Alcantarillado de Santiago (Coraasan), se hicieron dos actos de juramentaci\u00f3n porque tanto Fernando como Monchy hicieron sus juramentaciones particulares.<\/p>\n<p>Tras la muerte de Monchy, el 22 agosto del 2018 por un infarto, Fernando Rosa pas\u00f3 a ser el hombre fuerte del PLD exclusivo en Santiago, la voz mayor de la corriente del \u201cdanilismo\u201d.<\/p>\n<p>En las \u00faltimas campa\u00f1as electorales fue el encargado operativo de la campa\u00f1a en Santiago, el hombre que manejaba las estrategias para las movilizaciones.<\/p>\n<p>Ha competido de manera interna para la candidatura a la alcald\u00eda, la primera vez en 2015. Declin\u00f3 a favor de un compa\u00f1ero suyo, Monchy Rodr\u00edguez, y la segunda vez fue derrotado por Abel Mart\u00ednez, en 2019.<\/p>\n<picture class=\"image\"><img loading=\"lazy\" src=\"https:\/\/acento.com.do\/media\/storage02\/uploads\/2020\/12\/fer-full-728x410.webp\" alt=\"\" width=\"1280\" height=\"960\" \/><\/picture>Como n\u00famero uno del Fonper, diligenci\u00f3 muchas obras peque\u00f1as en los barrios de Santiago, obras que us\u00f3 como plataforma para su campa\u00f1a.<\/p>\n<p>De ah\u00ed que muchos activistas sociales, dirigentes comunitarios, han levantado sus voces en defensa del responsable de lo que consideran una gran obra social. Antes de insertarse en la pol\u00edtica, Rosa Rosa era conocido como comerciante, exactamente como importador de ropa.<\/p>\n<p><strong>Voces en defensa<\/strong><\/p>\n<p>El pasado 4 de diciembre un colectivo que se cobija en el Consejo de Desarrollo Comunitario de la Zona Sur de Santiago manifest\u00f3 su respaldo Fernando Rosa<\/p>\n<p>Gricelis Mart\u00ednez, reconocida activista comunitaria de esa zona, ley\u00f3 un documento donde Fernando Rosa figura como un servidor desinteresado durante toda su vida, un baluarte de honestidad, transparencia, empat\u00eda y solidaridad.<\/p>\n<p>\u201cSu trayectoria pol\u00edtica ha sido de sacrificio, vocaci\u00f3n de servicio, visi\u00f3n progresista, en la b\u00fasqueda de soluci\u00f3n a las diferentes problem\u00e1ticas planteadas por sectores de todos extractos sociales\u201d, afirm\u00f3 ese d\u00eda Gricelis Mart\u00ednez.<\/p>\n<p>Los comunitarios atribuyen a Rosa,\u00a0 el desarrollo de programas de mejoramiento de viviendas, agua potable, calle, aceras, contenes y puentes, ampliaci\u00f3n del Instituto Polit\u00e9cnico Industrial de Santiago (IPISA), construcci\u00f3n y equipamiento del edificio Regional del Instituto de Formaci\u00f3n T\u00e9cnico Profesional Infotep, remozamiento y equipamiento de la Escuela Yaque de Santiago, construcci\u00f3n y equipamiento del Instituto Polit\u00e9cnico Industrial Don Bosco, polit\u00e9cnico Monse\u00f1or Juan Antonio Flores Santana, entre otras\u00a0 obras, en distintas \u00e1reas.<\/p>\n<div id=\"news-4-25\" class=\"banner-box dfp-async loaded\" data-bannerdesktop=\"true\" data-bannermobile=\"true\"><\/div>\n<div class=\"videocontainer\">\n<div id=\"video25\" class=\"video-js vjs-default-skin vjs-paused vjs-controls-enabled vjs-workinghover vjs-v6 vjs-youtube video25-dimensions vjs-user-inactive\" lang=\"es-es\" role=\"region\" data-path=\"eCw-xsx0OXo&amp;feature\" data-vjsplayer=\"\" aria-label=\"Video Player\">\n<div>\n<p><iframe loading=\"lazy\" id=\"video25_Youtube_api\" class=\"vjs-tech\" title=\"YouTube video player\" src=\"https:\/\/www.youtube.com\/embed\/eCw-xsx0OXo?controls=0&amp;modestbranding=1&amp;rel=0&amp;showinfo=0&amp;loop=0&amp;fs=0&amp;hl=es&amp;enablejsapi=1&amp;origin=https%3A%2F%2Facento.com.do&amp;widgetid=1\" width=\"640\" height=\"360\" frameborder=\"0\" allowfullscreen=\"allowfullscreen\" data-mce-fragment=\"1\"><\/iframe><\/p>\n<div class=\"vjs-iframe-blocker\"><\/div>\n<\/div>\n<p><button class=\"vjs-big-play-button\" title=\"Play Video\" type=\"button\" aria-live=\"polite\" aria-disabled=\"false\">\u00a0<\/button><\/p>\n<\/div>\n<\/div>\n<\/div>\n<p>Impactos: 1252<\/p>","protected":false},"excerpt":{"rendered":"<p>Por\u00a0M\u00c1XIMO LAUREANO SANTIAGO DE LOS CABALLEROS, Rep\u00fablica Dominicana.-No es la primera vez que Fernando Manuel Aquilino Rosa Rosa, ex presidente del Fondo Patrimonial para<\/p>\n","protected":false},"author":3,"featured_media":10505,"comment_status":"open","ping_status":"closed","sticky":false,"template":"","format":"standard","meta":[],"categories":[9],"tags":[],"_links":{"self":[{"href":"https:\/\/hormigaradio.com\/index.php?rest_route=\/wp\/v2\/posts\/11659"}],"collection":[{"href":"https:\/\/hormigaradio.com\/index.php?rest_route=\/wp\/v2\/posts"}],"about":[{"href":"https:\/\/hormigaradio.com\/index.php?rest_route=\/wp\/v2\/types\/post"}],"author":[{"embeddable":true,"href":"https:\/\/hormigaradio.com\/index.php?rest_route=\/wp\/v2\/users\/3"}],"replies":[{"embeddable":true,"href":"https:\/\/hormigaradio.com\/index.php?rest_route=%2Fwp%2Fv2%2Fcomments&post=11659"}],"version-history":[{"count":3,"href":"https:\/\/hormigaradio.com\/index.php?rest_route=\/wp\/v2\/posts\/11659\/revisions"}],"predecessor-version":[{"id":11663,"href":"https:\/\/hormigaradio.com\/index.php?rest_route=\/wp\/v2\/posts\/11659\/revisions\/11663"}],"wp:featuredmedia":[{"embeddable":true,"href":"https:\/\/hormigaradio.com\/index.php?rest_route=\/wp\/v2\/media\/10505"}],"wp:attachment":[{"href":"https:\/\/hormigaradio.com\/index.php?rest_route=%2Fwp%2Fv2%2Fmedia&parent=11659"}],"wp:term":[{"taxonomy":"category","embeddable":true,"href":"https:\/\/hormigaradio.com\/index.php?rest_route=%2Fwp%2Fv2%2Fcategories&post=11659"},{"taxonomy":"post_tag","embeddable":true,"href":"https:\/\/hormigaradio.com\/index.php?rest_route=%2Fwp%2Fv2%2Ftags&post=11659"}],"curies":[{"name":"wp","href":"https:\/\/api.w.org\/{rel}","templated":true}]}}