{"id":11894,"date":"2021-01-04T22:32:51","date_gmt":"2021-01-04T22:32:51","guid":{"rendered":"http:\/\/hormigaradio.com\/?p=11894"},"modified":"2021-01-04T23:23:25","modified_gmt":"2021-01-04T23:23:25","slug":"en-medio-de-una-crisis","status":"publish","type":"post","link":"https:\/\/hormigaradio.com\/?p=11894","title":{"rendered":"EN MEDIO DE UNA CRISIS"},"content":{"rendered":"<p><strong>Evelin Valdez.<\/strong><\/p>\n<figure id=\"attachment_3859\" aria-describedby=\"caption-attachment-3859\" style=\"width: 150px\" class=\"wp-caption alignleft\"><a href=\"http:\/\/hormigaradio.com\/?attachment_id=3859\" rel=\"attachment wp-att-3859\"><img loading=\"lazy\" class=\"wp-image-3859 size-thumbnail\" src=\"http:\/\/hormigaradio.com\/wp-content\/uploads\/2018\/10\/Evelin-Valdez-para-los-art\u00edculo-150x150.jpg\" alt=\"\" width=\"150\" height=\"150\" srcset=\"https:\/\/hormigaradio.com\/wp-content\/uploads\/2018\/10\/Evelin-Valdez-para-los-art\u00edculo-150x150.jpg 150w, https:\/\/hormigaradio.com\/wp-content\/uploads\/2018\/10\/Evelin-Valdez-para-los-art\u00edculo-300x300.jpg 300w, https:\/\/hormigaradio.com\/wp-content\/uploads\/2018\/10\/Evelin-Valdez-para-los-art\u00edculo-215x215.jpg 215w, https:\/\/hormigaradio.com\/wp-content\/uploads\/2018\/10\/Evelin-Valdez-para-los-art\u00edculo.jpg 720w\" sizes=\"(max-width: 150px) 100vw, 150px\" \/><\/a><figcaption id=\"caption-attachment-3859\" class=\"wp-caption-text\"><em><strong>Evelin Valdez.<\/strong><\/em><\/figcaption><\/figure>\n<p>Han pasado muchos meses desde que inici\u00f3 la crisis de salud a nivel mundial, con nombre y apellido, Covid 19, la cual a nadie le present\u00f3 un manual de como enfrentarla y escapar de ella, s\u00f3lo lleg\u00f3, se acomod\u00f3 y aqu\u00ed est\u00e1 invadiendo propiedades, sin pagar alquiler.<\/p>\n<p>Los principales medios de comunicaci\u00f3n locales e internacionales solo hablaban de la enfermedad que hab\u00eda llegado de la cual nadie sab\u00eda\u00a0como era.<\/p>\n<p>Los\u00a0 cient\u00edficos y m\u00e9dicos con las manos en la cabeza, sin saber como actuar, por donde empezar, como sanar aquellas personas que llegaban a las emergencias de los hospitales, solo dec\u00edan que es parecido a una gripe, pero, no sabemos como combatirla.<\/p>\n<p>En este punto del globo terr\u00e1queo, una isla, no tan peque\u00f1a, se re\u00eda al escuchar de eso, diciendo eso no existe, es solo habladur\u00edas de los partidos pol\u00edticos,\u00a0 para asustar a las personas, ya que estamos en un a\u00f1o electoral.<\/p>\n<p>Una fiesta de ricos, donde vistieron a los camareros con guantes y cubrebocas, los &#8220;souvenirs&#8221; fueron jeringas, una burla para el Covid 19, de all\u00ed resultaron muchos infectados y una luz se apag\u00f3, la dise\u00f1adora de modas, Jenny Polanco quien no pudo ganarle el juicio a ese virus.<\/p>\n<p>El 17 de marzo\u00a0 el estado Dominicano toma la decisi\u00f3n de cerrar el pa\u00eds, solo dejando los servicios b\u00e1sicos abiertos, salud, comida y justicia.<\/p>\n<p>Lo nunca antes visto, aquellos conscientes de lo que pasaba se pusieron una mano en la cabeza y la otra en la cintura solo con una pregunta. \u00bfy ahora?.<\/p>\n<p>Para otros solo era un juego algo pasajero, tiempo libre en sus casas, con un sueldo auspiciado, parte por sus jefes otra parte por el Estado, pero las cosas se fueron complicando.<\/p>\n<p>Al pasar por las calles se pod\u00edan ver las grandes filas en los diferentes comercios que dispensaban comida, horas de sol para comer, las cl\u00ednicas abarrotadas de pacientes con s\u00edntomas y otros con miedo.<\/p>\n<p>Pasaban los d\u00edas y el ministro de la salud, con una rueda de prensa diaria alarmaba a la poblaci\u00f3n con cifras elevadas cada dia, de aquellos infectados, fallecidos y quienes estaban en cama luchando por sus vidas.<\/p>\n<p>Una ma\u00f1ana corri\u00f3 la voz, que el doctor Luis Cruz Jiminian,\u00a0 ten\u00eda con el virus, el fil\u00e1ntropo, se encontraba luchando por su vida sin saber con que luchaba y con que luchar.<\/p>\n<p>Este simple mortal quien hab\u00eda salvado muchas vidas, no pod\u00eda hacer nada por la suya, quedaba en manos de Dios y del hombre.<\/p>\n<p>Los d\u00edas en el calendario no se deten\u00edan, las agujas del reloj continuaban su marcha, se le\u00edan los comentarios en las redes sociales, de aquellos que entend\u00edan que los d\u00edas eran eternos.<\/p>\n<p>Al transcurrir varios meses de iniciar la batalla contra el virus mortal, las medidas fueron flexibilizando, abriendo comercios, restaurantes y bares a medio tiempo, parques, entre otros.<\/p>\n<p>Todos cre\u00edan que las cosas iban a comenzar a\u00a0 coger su tono, los due\u00f1os de colmados, supermercados y otros dispensadores de comida cruda, felices en t\u00e9rminos econ\u00f3micos, puesto que fue lo \u00fanico que en vez de caer siempre se mantuvo en pie sin mirar a lo que pudiera pasar, (a la fecha han creado sucursales).<\/p>\n<p>Una lucha de voces de quien es el responsable de la propagaci\u00f3n del virus. \u00bfEl Gobierno o el pueblo?<\/p>\n<p>Cada quien ha jugado su rol, el Estado buscando soluciones, para evitar m\u00e1s contagios y el pueblo buscando la forma de\u00a0 seguir viviendo sin pensar\u00a0 en la situaci\u00f3n.<\/p>\n<p>Se acercaba una fecha importante para el mundo, las navidades, donde todos quieren estar cerca de sus seres queridos, para disfrutar de estas fechas tan importantes.<\/p>\n<p>Algunos compraron vuelos para regresar o salir del pa\u00eds, sin saber que el destino ten\u00eda una jugada diferente para todos.<\/p>\n<p>Una cena de Nochebuena y un fin de a\u00f1o, solo con con quien estaba a tu lado en las cuatro paredes, ya que las medidas de prevenci\u00f3n dictadas por el Estado a \u00faltima hora fueron tan dr\u00e1sticas que no dejaron otro camino que esperar un cambio de a\u00f1o junto a la almohada.<\/p>\n<p>Como \u00a0si se tratara de un punto al otro lado del mundo, pero en la misma isla,\u00a0 la situaci\u00f3n fue distinta, aquellos que entienden que el virus no cruza mares y se puede comprar con dinero, se olvidaron de todo tipo de restricci\u00f3n, reunidos con fiesta y ma\u00f1ana gallo, en los hoteles del Este del pa\u00eds, para esperar el fin de a\u00f1o, grabaron videos, para mostrarle al mundo que ellos s\u00ed pueden.<\/p>\n<p>En medio de una crisis como esta, debemos apegarnos a las normas dictadas \u00a0por las personas \u00a0que manejan esos datos, para poder volver a juntarnos sin mascarillas o bozales, debemos aprender que esta crisis no es de uno solo, es de todos y por ende, todos debemos luchar.<\/p>\n<p>Impactos: 142<\/p>","protected":false},"excerpt":{"rendered":"<p>Evelin Valdez. Han pasado muchos meses desde que inici\u00f3 la crisis de salud a nivel mundial, con nombre y apellido, Covid 19, la cual<\/p>\n","protected":false},"author":3,"featured_media":11896,"comment_status":"open","ping_status":"closed","sticky":false,"template":"","format":"standard","meta":[],"categories":[7],"tags":[],"_links":{"self":[{"href":"https:\/\/hormigaradio.com\/index.php?rest_route=\/wp\/v2\/posts\/11894"}],"collection":[{"href":"https:\/\/hormigaradio.com\/index.php?rest_route=\/wp\/v2\/posts"}],"about":[{"href":"https:\/\/hormigaradio.com\/index.php?rest_route=\/wp\/v2\/types\/post"}],"author":[{"embeddable":true,"href":"https:\/\/hormigaradio.com\/index.php?rest_route=\/wp\/v2\/users\/3"}],"replies":[{"embeddable":true,"href":"https:\/\/hormigaradio.com\/index.php?rest_route=%2Fwp%2Fv2%2Fcomments&post=11894"}],"version-history":[{"count":1,"href":"https:\/\/hormigaradio.com\/index.php?rest_route=\/wp\/v2\/posts\/11894\/revisions"}],"predecessor-version":[{"id":11895,"href":"https:\/\/hormigaradio.com\/index.php?rest_route=\/wp\/v2\/posts\/11894\/revisions\/11895"}],"wp:featuredmedia":[{"embeddable":true,"href":"https:\/\/hormigaradio.com\/index.php?rest_route=\/wp\/v2\/media\/11896"}],"wp:attachment":[{"href":"https:\/\/hormigaradio.com\/index.php?rest_route=%2Fwp%2Fv2%2Fmedia&parent=11894"}],"wp:term":[{"taxonomy":"category","embeddable":true,"href":"https:\/\/hormigaradio.com\/index.php?rest_route=%2Fwp%2Fv2%2Fcategories&post=11894"},{"taxonomy":"post_tag","embeddable":true,"href":"https:\/\/hormigaradio.com\/index.php?rest_route=%2Fwp%2Fv2%2Ftags&post=11894"}],"curies":[{"name":"wp","href":"https:\/\/api.w.org\/{rel}","templated":true}]}}