{"id":12031,"date":"2021-01-15T03:14:34","date_gmt":"2021-01-15T03:14:34","guid":{"rendered":"http:\/\/hormigaradio.com\/?p=12031"},"modified":"2021-01-15T04:03:35","modified_gmt":"2021-01-15T04:03:35","slug":"ex-diputado-bernardo-colon-renuncia-del-prd-video","status":"publish","type":"post","link":"https:\/\/hormigaradio.com\/?p=12031","title":{"rendered":"EX DIPUTADO BERNARDO COL\u00d3N RENUNCIA DEL PRD (v\u00eddeo)"},"content":{"rendered":"<div class=\"article-body-content\">\n<p>Por\u00a0<a class=\"text-font font-700\" href=\"https:\/\/acento.com.do\/autor\/index.html?user_slug=mlaureano\">M\u00c1XIMO LAUREANO<\/a><\/p>\n<p>SANTIAGO DE LOS CABALLEROS, Rep\u00fablica Dominicana.- El exdiputado del Partido Revolucionario Dominicano (PRD) Bernardo Col\u00f3n anunci\u00f3 su renuncia a esa organizaci\u00f3n, junto a los integrantes de su equipo de trabajo, y explic\u00f3 que ello obedece a \u201cdiferencias con la dirigencia\u201d,\u00a0a la que le atribuye \u201chaber dejado de trabajar e imponer criterios antidemocr\u00e1ticos\u201d.<\/p>\n<p>Col\u00f3n sostuvo que su decisi\u00f3n de poner fin a la militancia en el partido blanco tambi\u00e9n entra\u00f1a dejar vacante el cargo de presidente del PRD en el distrito municipal de San Francisco de Jaragua, en la provincia de Santiago.<\/p>\n<p>El excongresista dijo que \u201cno hay motivaci\u00f3n para estar en un partido donde no se ha\u00a0respetado\u201d su estatus como dirigente y tampoco se le ha reconocido su trabajo, y que igual ha pasado con \u201cdecenas de compa\u00f1eros\u201d suyos que lo acompa\u00f1an en la decisi\u00f3n de irse del partido.<\/p>\n<p>\u201cEntendemos que nuestra permanencia ah\u00ed est\u00e1 dem\u00e1s. No podemos estar en un partido donde ya no se respeta la direcci\u00f3n, donde impera la falta de democracia, donde usted como dirigente es irrespetado, no lo volaran y donde las victorias y los \u00e9xitos suyos se pre\u00f1an de enemigos\u201d, ha dicho el dirigente pol\u00edtico, que fue legislador durante cuatro per\u00edodos.<\/p>\n<p>Col\u00f3n no dej\u00f3 claro si se va con su equipo a otra organizaci\u00f3n pol\u00edtica y explic\u00f3 que el primer paso era hacer efectiva la renuncia como dirigente y militante del PRD, para luego evaluar si se suman a otro partido.<\/p>\n<div class=\"videocontainer\">\n<div id=\"video10\" class=\"video-js vjs-default-skin vjs-paused vjs-controls-enabled vjs-workinghover vjs-v6 vjs-youtube video10-dimensions vjs-user-inactive\" lang=\"es-es\" role=\"region\" data-path=\"UTOV3dMh5Yo&amp;feature\" data-vjsplayer=\"\" aria-label=\"Video Player\">\n<div>\n<p><iframe loading=\"lazy\" id=\"video10_Youtube_api\" class=\"vjs-tech\" title=\"YouTube video player\" src=\"https:\/\/www.youtube.com\/embed\/UTOV3dMh5Yo?controls=0&amp;modestbranding=1&amp;rel=0&amp;showinfo=0&amp;loop=0&amp;fs=0&amp;hl=es&amp;enablejsapi=1&amp;origin=https%3A%2F%2Facento.com.do&amp;widgetid=1\" width=\"640\" height=\"360\" frameborder=\"0\" allowfullscreen=\"allowfullscreen\" data-mce-fragment=\"1\"><\/iframe><\/p>\n<div class=\"vjs-iframe-blocker\"><\/div>\n<\/div>\n<div class=\"vjs-poster\" tabindex=\"-1\" aria-disabled=\"false\"><\/div>\n<div class=\"vjs-text-track-display\" aria-live=\"off\" aria-atomic=\"true\"><\/div>\n<p>&nbsp;<\/p>\n<\/div>\n<\/div>\n<\/div>\n<div id=\"tags\" class=\"tags flex-container align-center flex-wrap\"><a class=\"single-tag\" href=\"https:\/\/acento.com.do\/tags.html?tag=partido-revolucionario-dominicano-prd\">PARTIDO REVOLUCIONARIO DOMINICANO PRD<\/a><\/div>\n<div id=\"comentarios\" class=\"\">\n<div id=\"comments1\" class=\"fb-comments hide fb_iframe_widget fb_iframe_widget_fluid_desktop\" data-href=\"https:\/\/acento.com.do\/politica\/exdiputado-por-santiago-abandona-el-prd-8901992.html\" data-numposts=\"5\" data-width=\"728\"><\/div>\n<\/div>\n<p>Impactos: 100<\/p>","protected":false},"excerpt":{"rendered":"<p>Por\u00a0M\u00c1XIMO LAUREANO SANTIAGO DE LOS CABALLEROS, Rep\u00fablica Dominicana.- El exdiputado del Partido Revolucionario Dominicano (PRD) Bernardo Col\u00f3n anunci\u00f3 su renuncia a esa organizaci\u00f3n, junto<\/p>\n","protected":false},"author":3,"featured_media":12033,"comment_status":"open","ping_status":"closed","sticky":false,"template":"","format":"standard","meta":[],"categories":[6],"tags":[],"_links":{"self":[{"href":"https:\/\/hormigaradio.com\/index.php?rest_route=\/wp\/v2\/posts\/12031"}],"collection":[{"href":"https:\/\/hormigaradio.com\/index.php?rest_route=\/wp\/v2\/posts"}],"about":[{"href":"https:\/\/hormigaradio.com\/index.php?rest_route=\/wp\/v2\/types\/post"}],"author":[{"embeddable":true,"href":"https:\/\/hormigaradio.com\/index.php?rest_route=\/wp\/v2\/users\/3"}],"replies":[{"embeddable":true,"href":"https:\/\/hormigaradio.com\/index.php?rest_route=%2Fwp%2Fv2%2Fcomments&post=12031"}],"version-history":[{"count":2,"href":"https:\/\/hormigaradio.com\/index.php?rest_route=\/wp\/v2\/posts\/12031\/revisions"}],"predecessor-version":[{"id":12034,"href":"https:\/\/hormigaradio.com\/index.php?rest_route=\/wp\/v2\/posts\/12031\/revisions\/12034"}],"wp:featuredmedia":[{"embeddable":true,"href":"https:\/\/hormigaradio.com\/index.php?rest_route=\/wp\/v2\/media\/12033"}],"wp:attachment":[{"href":"https:\/\/hormigaradio.com\/index.php?rest_route=%2Fwp%2Fv2%2Fmedia&parent=12031"}],"wp:term":[{"taxonomy":"category","embeddable":true,"href":"https:\/\/hormigaradio.com\/index.php?rest_route=%2Fwp%2Fv2%2Fcategories&post=12031"},{"taxonomy":"post_tag","embeddable":true,"href":"https:\/\/hormigaradio.com\/index.php?rest_route=%2Fwp%2Fv2%2Ftags&post=12031"}],"curies":[{"name":"wp","href":"https:\/\/api.w.org\/{rel}","templated":true}]}}