{"id":12040,"date":"2021-01-15T15:53:50","date_gmt":"2021-01-15T15:53:50","guid":{"rendered":"http:\/\/hormigaradio.com\/?p=12040"},"modified":"2021-01-16T03:45:20","modified_gmt":"2021-01-16T03:45:20","slug":"fiscal-explica-dncd-buscaba-dos-personas-en-propiedad-de-abel-martinez","status":"publish","type":"post","link":"https:\/\/hormigaradio.com\/?p=12040","title":{"rendered":"FISCAL EXPLICA DNCD BUSCABA DOS PERSONAS EN PROPIEDAD DE ABEL MART\u00cdNEZ"},"content":{"rendered":"<p><a href=\"http:\/\/hormigaradio.com\/?attachment_id=11391\" rel=\"attachment wp-att-11391\"><img loading=\"lazy\" class=\"alignleft size-medium wp-image-11391\" src=\"http:\/\/hormigaradio.com\/wp-content\/uploads\/2020\/11\/FISCAL-300x200.jpg\" alt=\"\" width=\"300\" height=\"200\" srcset=\"https:\/\/hormigaradio.com\/wp-content\/uploads\/2020\/11\/FISCAL-300x200.jpg 300w, https:\/\/hormigaradio.com\/wp-content\/uploads\/2020\/11\/FISCAL-768x512.jpg 768w, https:\/\/hormigaradio.com\/wp-content\/uploads\/2020\/11\/FISCAL-1024x683.jpg 1024w\" sizes=\"(max-width: 300px) 100vw, 300px\" \/><\/a><\/p>\n<p>Por\u00a0<a class=\"text-font font-700\" href=\"https:\/\/acento.com.do\/autor\/index.html?user_slug=mlaureano\">M\u00c1XIMO LAUREANO<\/a><\/p>\n<p>SANTIAGO DE LOS CABALLEROS, Rep\u00fablica Dominicana.- El fiscal titular de Santiago, Jos\u00e9 Francisco N\u00fa\u00f1ez Ledesma, inform\u00f3 este viernes que el allanamiento realizado en una propiedad al que se se\u00f1ala al alcalde Abel Mart\u00ednez como propietario, se realiz\u00f3 en b\u00fasqueda de dos personas.<\/p>\n<p>N\u00fa\u00f1ez Ledesma confirm\u00f3 que los agentes de la Direcci\u00f3n Nacional de Control de Drogas ejecutaron la acci\u00f3n para detener a Amilcar Rafael Soto Candelario y Carlos Edelmiro Ross\u00f3 Pe\u00f1a, sin suministrar detalles sobre los motivos.<\/p>\n<p>El\u00a0fiscal confirm\u00f3 que la orden de allamiento\u00a0posee como direcci\u00f3n la propiedad de Mart\u00ednez, la cual hab\u00eda sido utilizada como\u00a0comando pol\u00edtico.<\/p>\n<p>Al lugar se presentaron decenas de seguidores del alcalde para denunciar que trat\u00f3 de un atropello, lo atribuyen a asuntos pol\u00edticos.<\/p>\n<p>Sobre la acci\u00f3n de las autoridades, el consultor jur\u00eddico del Ayuntamiento, Rafael Ceballos, dijo que se trata de un atropello. Agreg\u00f3 que el alcalde hablar\u00e1 sobre el tema m\u00e1s tarde en su despacho en la Alcald\u00eda.<\/p>\n<p>El operativo se inici\u00f3 a las 7:00 de la ma\u00f1ana de este viernes en el local n\u00famero 48.<\/p>\n<p>Impactos: 87<\/p>","protected":false},"excerpt":{"rendered":"<p>Por\u00a0M\u00c1XIMO LAUREANO SANTIAGO DE LOS CABALLEROS, Rep\u00fablica Dominicana.- El fiscal titular de Santiago, Jos\u00e9 Francisco N\u00fa\u00f1ez Ledesma, inform\u00f3 este viernes que el allanamiento realizado<\/p>\n","protected":false},"author":3,"featured_media":6610,"comment_status":"open","ping_status":"closed","sticky":false,"template":"","format":"standard","meta":[],"categories":[3],"tags":[],"_links":{"self":[{"href":"https:\/\/hormigaradio.com\/index.php?rest_route=\/wp\/v2\/posts\/12040"}],"collection":[{"href":"https:\/\/hormigaradio.com\/index.php?rest_route=\/wp\/v2\/posts"}],"about":[{"href":"https:\/\/hormigaradio.com\/index.php?rest_route=\/wp\/v2\/types\/post"}],"author":[{"embeddable":true,"href":"https:\/\/hormigaradio.com\/index.php?rest_route=\/wp\/v2\/users\/3"}],"replies":[{"embeddable":true,"href":"https:\/\/hormigaradio.com\/index.php?rest_route=%2Fwp%2Fv2%2Fcomments&post=12040"}],"version-history":[{"count":1,"href":"https:\/\/hormigaradio.com\/index.php?rest_route=\/wp\/v2\/posts\/12040\/revisions"}],"predecessor-version":[{"id":12043,"href":"https:\/\/hormigaradio.com\/index.php?rest_route=\/wp\/v2\/posts\/12040\/revisions\/12043"}],"wp:featuredmedia":[{"embeddable":true,"href":"https:\/\/hormigaradio.com\/index.php?rest_route=\/wp\/v2\/media\/6610"}],"wp:attachment":[{"href":"https:\/\/hormigaradio.com\/index.php?rest_route=%2Fwp%2Fv2%2Fmedia&parent=12040"}],"wp:term":[{"taxonomy":"category","embeddable":true,"href":"https:\/\/hormigaradio.com\/index.php?rest_route=%2Fwp%2Fv2%2Fcategories&post=12040"},{"taxonomy":"post_tag","embeddable":true,"href":"https:\/\/hormigaradio.com\/index.php?rest_route=%2Fwp%2Fv2%2Ftags&post=12040"}],"curies":[{"name":"wp","href":"https:\/\/api.w.org\/{rel}","templated":true}]}}