{"id":12061,"date":"2021-01-17T20:38:09","date_gmt":"2021-01-17T20:38:09","guid":{"rendered":"http:\/\/hormigaradio.com\/?p=12061"},"modified":"2021-01-17T20:40:13","modified_gmt":"2021-01-17T20:40:13","slug":"la-salud-y-vida-de-las-mujeres-deben-estar-por-encima-de-creencias-politicas-y-religiosas","status":"publish","type":"post","link":"https:\/\/hormigaradio.com\/?p=12061","title":{"rendered":"&#8220;LA SALUD Y VIDA DE LAS MUJERES DEBEN ESTAR POR ENCIMA DE CREENCIAS POL\u00cdTICAS Y RELIGIOSAS&#8221;"},"content":{"rendered":"<p>Por\u00a0<a class=\"text-font font-700\" href=\"https:\/\/acento.com.do\/autor\/index.html?user_slug=servicios\">SERVICIOS DE ACENTO.COM.DO<\/a><\/p>\n<p><img src=\"https:\/\/acento.com.do\/media\/storage02\/uploads\/2021\/01\/foto-profamilia--728x410.webp\" data-desktop=\"https:\/\/acento.com.do\/media\/storage02\/uploads\/2021\/01\/foto-profamilia--728x410.webp\" data-mobile=\"https:\/\/acento.com.do\/media\/storage02\/uploads\/2021\/01\/foto-profamilia--400x225.webp\" \/><\/p>\n<p>&nbsp;<\/p>\n<p>Santo Domingo, Rep\u00fablica Dominicana. &#8211; La directora ejecutiva de Profamilia, Magaly Caram, consider\u00f3 hoy que es el momento ideal para que las y los legisladores asuman con responsabilidad la despenalizaci\u00f3n en el C\u00f3digo Penal del aborto en las tres causales, al contar con el apoyo de la mayor parte de la poblaci\u00f3n y del presidente Lu\u00eds Abinader Corona.<\/p>\n<p>\u201cMandar la despenalizaci\u00f3n a una ley especial como proponen algunos sectores, aparta el tema y obliga a que el proceso de discusi\u00f3n empiece desde cero, descartando dos d\u00e9cadas de trabajo y dej\u00e1ndolo sujeto a la voluntad de quien presida la C\u00e1mara Legislativa hasta para ponerla o no en agenda\u201d, dijo Caram.<\/p>\n<p>A pesar del apoyo a la despenalizaci\u00f3n del aborto por casuales que paulatinamente se ha registrado entre los y las legisladoras y en la poblaci\u00f3n, se\u00f1al\u00f3 que \u201cveinte a\u00f1os de demandas y de lucha no nos inspira confianza para aceptar que se lleve el tema a una ley especial, creemos que se trata m\u00e1s bien de otro retraso y de un palo \u201cacechao\u201d a la vida, la salud y los derechos de las mujeres.<\/p>\n<p>Sobre las causales<\/p>\n<p>Se\u00f1al\u00f3 que penalizar la interrupci\u00f3n de un embarazo en caso de riesgo para la vida de la mujer; de violaci\u00f3n sexual o incesto o de malformaci\u00f3n cong\u00e9nita fetal incompatible con la vida, es una forma de discriminaci\u00f3n que atenta contra la vida, la salud y los derechos humanos de las mujeres que debe ser modificado en el mismo C\u00f3digo Penal.<\/p>\n<p>Al hablar en nombre de la instituci\u00f3n, Caram exhort\u00f3 tambi\u00e9n a las autoridades de salud a informar apropiadamente para evitar la manipulaci\u00f3n sobre las causales, al se\u00f1alar que un defecto cong\u00e9nito incompatible con la vida no puede ser prevenido ni minimizado. Enfatiz\u00f3 que opiniones m\u00e9dicas reconocen como cruel y una violaci\u00f3n de derechos que se le impida a la mujer y su familia tomar una decisi\u00f3n consciente e informada que haga menos traum\u00e1tica la situaci\u00f3n, cuando no es posible ofrecer un tratamiento.<\/p>\n<p>Cit\u00f3 la publicaci\u00f3n \u201cDefectos cong\u00e9nitos y patolog\u00edas incompatibles con la vida extrauterina\u201d, del doctor uruguayo Pablo Putti, (2016), quien expresa que \u201cIndependientemente de las creencias religiosas y pol\u00edticas, es incuestionable que el diagn\u00f3stico certero y la informaci\u00f3n oportuna son de fundamental importancia para el doloroso y complejo proceso psicol\u00f3gico que implica la comunicaci\u00f3n de un defecto cong\u00e9nito grave\u201d.<\/p>\n<p>Expres\u00f3 Caram que interrumpir un embarazo es una decisi\u00f3n dif\u00edcil, pero una malformaci\u00f3n cong\u00e9nita incompatible con la vida fuera del \u00fatero implica que nunca podr\u00e1 recibir el fruto de ese embarazo. \u201clas mujeres que atraviesan por estas dif\u00edciles circunstancias necesitan el apoyo de las autoridades y de la sociedad para que puedan tomar la decisi\u00f3n que entiendan es mejor para ellas y sus familias sin poner en riesgo su vida, sin temor al se\u00f1alamiento social o a ser apresadas cuando la decisi\u00f3n fuera terminar el embarazo\u201d dijo.<\/p>\n<p>Consider\u00f3 que la existencia de leyes restrictivas, como la penalizaci\u00f3n total del aborto, empujan a las mujeres a la clandestinidad y en condiciones de inseguridad, como lo evidencia que el aborto sigue estando entre las primeras causas de mortalidad materna en el pa\u00eds, precedido por las hemorragias, sepsis y la hipertensi\u00f3n durante el embarazo<\/p>\n<p>Impactos: 237<\/p>","protected":false},"excerpt":{"rendered":"<p>Por\u00a0SERVICIOS DE ACENTO.COM.DO &nbsp; Santo Domingo, Rep\u00fablica Dominicana. &#8211; La directora ejecutiva de Profamilia, Magaly Caram, consider\u00f3 hoy que es el momento ideal para<\/p>\n","protected":false},"author":3,"featured_media":12063,"comment_status":"open","ping_status":"closed","sticky":false,"template":"","format":"standard","meta":[],"categories":[17],"tags":[],"_links":{"self":[{"href":"https:\/\/hormigaradio.com\/index.php?rest_route=\/wp\/v2\/posts\/12061"}],"collection":[{"href":"https:\/\/hormigaradio.com\/index.php?rest_route=\/wp\/v2\/posts"}],"about":[{"href":"https:\/\/hormigaradio.com\/index.php?rest_route=\/wp\/v2\/types\/post"}],"author":[{"embeddable":true,"href":"https:\/\/hormigaradio.com\/index.php?rest_route=\/wp\/v2\/users\/3"}],"replies":[{"embeddable":true,"href":"https:\/\/hormigaradio.com\/index.php?rest_route=%2Fwp%2Fv2%2Fcomments&post=12061"}],"version-history":[{"count":1,"href":"https:\/\/hormigaradio.com\/index.php?rest_route=\/wp\/v2\/posts\/12061\/revisions"}],"predecessor-version":[{"id":12062,"href":"https:\/\/hormigaradio.com\/index.php?rest_route=\/wp\/v2\/posts\/12061\/revisions\/12062"}],"wp:featuredmedia":[{"embeddable":true,"href":"https:\/\/hormigaradio.com\/index.php?rest_route=\/wp\/v2\/media\/12063"}],"wp:attachment":[{"href":"https:\/\/hormigaradio.com\/index.php?rest_route=%2Fwp%2Fv2%2Fmedia&parent=12061"}],"wp:term":[{"taxonomy":"category","embeddable":true,"href":"https:\/\/hormigaradio.com\/index.php?rest_route=%2Fwp%2Fv2%2Fcategories&post=12061"},{"taxonomy":"post_tag","embeddable":true,"href":"https:\/\/hormigaradio.com\/index.php?rest_route=%2Fwp%2Fv2%2Ftags&post=12061"}],"curies":[{"name":"wp","href":"https:\/\/api.w.org\/{rel}","templated":true}]}}