{"id":12064,"date":"2021-01-18T02:13:58","date_gmt":"2021-01-18T02:13:58","guid":{"rendered":"http:\/\/hormigaradio.com\/?p=12064"},"modified":"2021-01-18T02:13:58","modified_gmt":"2021-01-18T02:13:58","slug":"residentes-brisas-del-valle-reactivan-junta-de-vecinos-y-juramentan-nueva-directiva","status":"publish","type":"post","link":"https:\/\/hormigaradio.com\/?p=12064","title":{"rendered":"RESIDENTES BRISAS DEL VALLE REACTIVAN JUNTA DE VECINOS Y JURAMENTAN NUEVA DIRECTIVA"},"content":{"rendered":"<p><strong>Firma invitada \/H.R.<\/strong><\/p>\n<p>En Asamblea Ordinaria celebrada este domingo 17 de enero los residentes del Residencial Brisas del Valles eligieron nueva directiva para el periodo 21-23, adem\u00e1s revisaron y aprobaron el documento estatutario que rige dicho organismo comunitario.<\/p>\n<p>En la presentaci\u00f3n y lectura del nuevo documento el comit\u00e9 gestor explic\u00f3 que el mismo est\u00e1 dise\u00f1ado de acuerdo a la ley 122-05 promulgada el 8 de abril del a\u00f1o 2005 de la Rep\u00fablica Dominicana y la Constituci\u00f3n del a Rep\u00fablica por lo tanto la Junta de Vecinos Brisas del Valle, como organizaci\u00f3n sin fines de lucro (ONG), entra en la categor\u00eda de una entidad de beneficio p\u00fablico y confirmada por personas voluntarias que gestan el desarrollar de la comunidad mediante actividades de servicios.<\/p>\n<p><a href=\"http:\/\/hormigaradio.com\/?attachment_id=12065\" rel=\"attachment wp-att-12065\"><img loading=\"lazy\" class=\"alignleft wp-image-12065 size-large\" src=\"http:\/\/hormigaradio.com\/wp-content\/uploads\/2021\/01\/junta-de-vecinos-juramento-1-1024x485.jpg\" alt=\"\" width=\"715\" height=\"339\" srcset=\"https:\/\/hormigaradio.com\/wp-content\/uploads\/2021\/01\/junta-de-vecinos-juramento-1-1024x485.jpg 1024w, https:\/\/hormigaradio.com\/wp-content\/uploads\/2021\/01\/junta-de-vecinos-juramento-1-300x142.jpg 300w, https:\/\/hormigaradio.com\/wp-content\/uploads\/2021\/01\/junta-de-vecinos-juramento-1-768x364.jpg 768w, https:\/\/hormigaradio.com\/wp-content\/uploads\/2021\/01\/junta-de-vecinos-juramento-1.jpg 1032w\" sizes=\"(max-width: 715px) 100vw, 715px\" \/><\/a><\/p>\n<p>La nueva directiva ser\u00e1 presidida por la comunitaria Gloria Espinal quien agradeci\u00f3 a la asamblea la confianza depositada en su persona y se comprometi\u00f3 a trabajar sin descanso por el bien de todos los moradores del residencial.<\/p>\n<p>Espinal record\u00f3, adem\u00e1s, que para el buen funcionamiento y el desempe\u00f1o efectivo es necesario la integraci\u00f3n de todos los residentes de la zona, dado que \u201cel trabajo por mucho que sea cuando se divide la carga es m\u00e1s liviana\u201d.<\/p>\n<p>En tanto que el presidente saliente, Ram\u00f3n Beliard, \u00a0en sus palabras de motivaci\u00f3n expreso que siempre estar\u00e1 acompa\u00f1ando a la los nuevos directivos, brindando apoyo moral y en su nuevo rol de asesor estar\u00e1, como siempre ha estado, a la disposici\u00f3n de todos sus vecinos.<\/p>\n<p>La nueva directiva est\u00e1 integrada por:<\/p>\n<p><strong>Presidenta: Gloria Espinal<\/strong><\/p>\n<p>Vice Presidente: Eddy Burdier<\/p>\n<p><strong>Tesorera: Trinidad G\u00f3mez<\/strong><\/p>\n<p>Secretario General: Juan Jos\u00e9 Bonilla<\/p>\n<p><strong>Enc de Disciplina: Sugeiris Rodr\u00edguez<\/strong><\/p>\n<p>Encargado Eventos: Mar\u00eda Teodora Rodr\u00edguez<\/p>\n<p><strong>Enc Medio ambiente: Paulisa Gonz\u00e1lez<\/strong><\/p>\n<p>Secretario de prensa y propaganda: Carlos Tejeda<\/p>\n<p><strong>Primer vocal: Bancuber Ortega<\/strong><\/p>\n<p>Segundo vocal: Asahis de la Hoz<\/p>\n<p><strong>Tercer vocal:Bol\u00edvar Taveras.<\/strong><\/p>\n<p>&nbsp;<\/p>\n<p>Impactos: 87<\/p>","protected":false},"excerpt":{"rendered":"<p>Firma invitada \/H.R. En Asamblea Ordinaria celebrada este domingo 17 de enero los residentes del Residencial Brisas del Valles eligieron nueva directiva para el<\/p>\n","protected":false},"author":3,"featured_media":12065,"comment_status":"open","ping_status":"closed","sticky":false,"template":"","format":"standard","meta":[],"categories":[3],"tags":[],"_links":{"self":[{"href":"https:\/\/hormigaradio.com\/index.php?rest_route=\/wp\/v2\/posts\/12064"}],"collection":[{"href":"https:\/\/hormigaradio.com\/index.php?rest_route=\/wp\/v2\/posts"}],"about":[{"href":"https:\/\/hormigaradio.com\/index.php?rest_route=\/wp\/v2\/types\/post"}],"author":[{"embeddable":true,"href":"https:\/\/hormigaradio.com\/index.php?rest_route=\/wp\/v2\/users\/3"}],"replies":[{"embeddable":true,"href":"https:\/\/hormigaradio.com\/index.php?rest_route=%2Fwp%2Fv2%2Fcomments&post=12064"}],"version-history":[{"count":1,"href":"https:\/\/hormigaradio.com\/index.php?rest_route=\/wp\/v2\/posts\/12064\/revisions"}],"predecessor-version":[{"id":12066,"href":"https:\/\/hormigaradio.com\/index.php?rest_route=\/wp\/v2\/posts\/12064\/revisions\/12066"}],"wp:featuredmedia":[{"embeddable":true,"href":"https:\/\/hormigaradio.com\/index.php?rest_route=\/wp\/v2\/media\/12065"}],"wp:attachment":[{"href":"https:\/\/hormigaradio.com\/index.php?rest_route=%2Fwp%2Fv2%2Fmedia&parent=12064"}],"wp:term":[{"taxonomy":"category","embeddable":true,"href":"https:\/\/hormigaradio.com\/index.php?rest_route=%2Fwp%2Fv2%2Fcategories&post=12064"},{"taxonomy":"post_tag","embeddable":true,"href":"https:\/\/hormigaradio.com\/index.php?rest_route=%2Fwp%2Fv2%2Ftags&post=12064"}],"curies":[{"name":"wp","href":"https:\/\/api.w.org\/{rel}","templated":true}]}}