{"id":12067,"date":"2021-01-18T16:45:57","date_gmt":"2021-01-18T16:45:57","guid":{"rendered":"http:\/\/hormigaradio.com\/?p=12067"},"modified":"2021-01-18T16:51:06","modified_gmt":"2021-01-18T16:51:06","slug":"autoridades-investigan-sobre-armas-incautadas-en-casa-vinculada-alcalde-abel-martinez","status":"publish","type":"post","link":"https:\/\/hormigaradio.com\/?p=12067","title":{"rendered":"AUTORIDADES  INVESTIGAN SOBRE ARMAS INCAUTADAS EN CASA VINCULADA ALCALDE ABEL MART\u00cdNEZ"},"content":{"rendered":"<div class=\"article-body-content\">\n<p>Por\u00a0<a class=\"text-font font-700\" href=\"https:\/\/acento.com.do\/autor\/index.html?user_slug=mlaureano\">M\u00c1XIMO LAUREANO<\/a><\/p>\n<p>SANTIAGO DE LOS CABALLEROS, Rep\u00fablica Dominicana.-Las autoridades \u00a0habr\u00edan confiscado\u00a0 4 pistolas, un fusil M-16, dos escopetas\u00a0 calibre 12 y\u00a0 decenas de c\u00e1psulas de distintos tipos en la casa en donde supuestamente oper\u00f3 una oficina pol\u00edtica del alcalde Abel Mart\u00ednez Dur\u00e1n, en la \u00a0urbanizaci\u00f3n El Para\u00edso, sector Gurabo, en Santiago de los Caballeros. La casa allanada.<\/p>\n<p>Las armas habr\u00edan sido halladas en las requisas que se hizo en la casa donde el alcalde Mart\u00ednez Dur\u00e1n dijo\u00a0 que tiene su local pol\u00edtico desde hace m\u00e1s de 15 a\u00f1os.<\/p>\n<p>La acci\u00f3n de allanamiento se\u00a0 habr\u00eda llevado a cabo\u00a0 tras identificarse esta edificaci\u00f3n de aspecto \u00a0familiar como el domicilio de\u00a0 los ciudadanos\u00a0 Am\u00edlcar Rafael Soto Rosario y Carlos Edelmiro Ros\u00f3 Pe\u00f1a.<\/p>\n<p>El\u00a0 funcionario del Partido de la Liberaci\u00f3n Dominicana (PLD) dijo que no\u00a0 conoce a las\u00a0 personas identificadas en la orden de allanamiento, tras calificar lo ocurrido como un atropello a su persona y exigir exigi\u00f3 a las autoridades que se aclare la situaci\u00f3n.<\/p>\n<p>\u201cEse allanamiento estaba dirigido a dos personas que no conocemos, personas que en mi vida las he escuchado\u201d, dijo el alcalde\u00a0 Mart\u00ednez\u00a0 Dur\u00e1n, minutos despu\u00e9s de la operaci\u00f3n.<\/p>\n<p><strong>Las armas.<\/strong><\/p>\n<p><a href=\"http:\/\/hormigaradio.com\/?attachment_id=12068\" rel=\"attachment wp-att-12068\"><img loading=\"lazy\" class=\"alignleft size-medium wp-image-12068\" src=\"http:\/\/hormigaradio.com\/wp-content\/uploads\/2021\/01\/WhatsApp-Image-2021-01-17-at-11.51.19-PM-300x225.jpeg\" alt=\"\" width=\"300\" height=\"225\" srcset=\"https:\/\/hormigaradio.com\/wp-content\/uploads\/2021\/01\/WhatsApp-Image-2021-01-17-at-11.51.19-PM-300x225.jpeg 300w, https:\/\/hormigaradio.com\/wp-content\/uploads\/2021\/01\/WhatsApp-Image-2021-01-17-at-11.51.19-PM-768x576.jpeg 768w, https:\/\/hormigaradio.com\/wp-content\/uploads\/2021\/01\/WhatsApp-Image-2021-01-17-at-11.51.19-PM-1024x768.jpeg 1024w, https:\/\/hormigaradio.com\/wp-content\/uploads\/2021\/01\/WhatsApp-Image-2021-01-17-at-11.51.19-PM.jpeg 1280w\" sizes=\"(max-width: 300px) 100vw, 300px\" \/><\/a><\/p>\n<p>Seg\u00fan la documentaci\u00f3n donde se detalla sobre los resultados del operativo, realizado el viernes 15 de enero del 2021, en hora de la ma\u00f1ana se confisc\u00f3 una pistola CZ75 SEMICOMPACT, con un cargador 9 mm, dos \u00a0escopetas modelo 88, calibre 12, \u00a0marca MAVERICK, un fusil M-16, \u00a0DE CALIBRE 5.56,\u00a0 con dos cargadores de fusil M16.<\/p>\n<p>Las autoridades reportaron adem\u00e1s que\u00a0 ocuparon la pistola\u00a0 marca FM-HI POWER,\u00a0 con su cargador 9mm.<\/p>\n<p>En el documento\u00a0 tambi\u00e9n se informa que se incaut\u00f3\u00a0 la pistola marca Bereta calibre 25, con su cargador\u00a0 y siete c\u00e1psulas, adem\u00e1s de una pistola marca CARANDI. Estas\u00a0 armas que se habr\u00eda encontrado en presencia del abogado Mayobanex Mart\u00ednez,\u00a0 hermano del alcalde, quien se present\u00f3 a la casa cuando se llevaba a cabo el allanamiento.<\/p>\n<p>En el documento se da cuenta de que dos de las armas incautadas estaban en poder de dos ciudadanos que se habr\u00edan identificado como miembros del Ejercito\u00a0 de la Rep\u00fablica Dominicana.<\/p>\n<p><a href=\"http:\/\/acento.com.do\/media\/storage02\/uploads\/2021\/01\/Allanamiento-El-Para%C3%ADso-15-01-2021.pdf\">Allanamiento El Para\u00edso 15-01-2021<\/a><\/p>\n<\/div>\n<div id=\"tags\" class=\"tags flex-container align-center flex-wrap\"><\/div>\n<p>Impactos: 82<\/p>","protected":false},"excerpt":{"rendered":"<p>Por\u00a0M\u00c1XIMO LAUREANO SANTIAGO DE LOS CABALLEROS, Rep\u00fablica Dominicana.-Las autoridades \u00a0habr\u00edan confiscado\u00a0 4 pistolas, un fusil M-16, dos escopetas\u00a0 calibre 12 y\u00a0 decenas de c\u00e1psulas<\/p>\n","protected":false},"author":3,"featured_media":12068,"comment_status":"open","ping_status":"closed","sticky":false,"template":"","format":"standard","meta":[],"categories":[3],"tags":[],"_links":{"self":[{"href":"https:\/\/hormigaradio.com\/index.php?rest_route=\/wp\/v2\/posts\/12067"}],"collection":[{"href":"https:\/\/hormigaradio.com\/index.php?rest_route=\/wp\/v2\/posts"}],"about":[{"href":"https:\/\/hormigaradio.com\/index.php?rest_route=\/wp\/v2\/types\/post"}],"author":[{"embeddable":true,"href":"https:\/\/hormigaradio.com\/index.php?rest_route=\/wp\/v2\/users\/3"}],"replies":[{"embeddable":true,"href":"https:\/\/hormigaradio.com\/index.php?rest_route=%2Fwp%2Fv2%2Fcomments&post=12067"}],"version-history":[{"count":3,"href":"https:\/\/hormigaradio.com\/index.php?rest_route=\/wp\/v2\/posts\/12067\/revisions"}],"predecessor-version":[{"id":12071,"href":"https:\/\/hormigaradio.com\/index.php?rest_route=\/wp\/v2\/posts\/12067\/revisions\/12071"}],"wp:featuredmedia":[{"embeddable":true,"href":"https:\/\/hormigaradio.com\/index.php?rest_route=\/wp\/v2\/media\/12068"}],"wp:attachment":[{"href":"https:\/\/hormigaradio.com\/index.php?rest_route=%2Fwp%2Fv2%2Fmedia&parent=12067"}],"wp:term":[{"taxonomy":"category","embeddable":true,"href":"https:\/\/hormigaradio.com\/index.php?rest_route=%2Fwp%2Fv2%2Fcategories&post=12067"},{"taxonomy":"post_tag","embeddable":true,"href":"https:\/\/hormigaradio.com\/index.php?rest_route=%2Fwp%2Fv2%2Ftags&post=12067"}],"curies":[{"name":"wp","href":"https:\/\/api.w.org\/{rel}","templated":true}]}}