{"id":12076,"date":"2021-01-19T17:16:59","date_gmt":"2021-01-19T17:16:59","guid":{"rendered":"http:\/\/hormigaradio.com\/?p=12076"},"modified":"2021-01-19T17:19:32","modified_gmt":"2021-01-19T17:19:32","slug":"el-grupismo-me-vencio-proclama-euclides-sanchez-para-justifcar-renuncia-del-pld","status":"publish","type":"post","link":"https:\/\/hormigaradio.com\/?p=12076","title":{"rendered":"&#8220;EL GRUPISMO ME  VENCI\u00d3&#8221; PROCLAMA EUCLIDES S\u00c1NCHEZ, PARA JUSTIFCAR RENUNCIA DEL PLD"},"content":{"rendered":"<div class=\"article-body-content\">\n<p>Por\u00a0<a class=\"text-font font-700\" href=\"https:\/\/acento.com.do\/autor\/index.html?user_slug=servicios\">SERVICIOS DE ACENTO.COM.DO<\/a><\/p>\n<\/div>\n<figure style=\"width: 728px\" class=\"wp-caption alignnone\"><img loading=\"lazy\" src=\"https:\/\/acento.com.do\/media\/storage02\/uploads\/2021\/01\/euclides-sanchez_12567375_20191106190029-728x410.webp\" alt=\"\" width=\"728\" height=\"410\" data-desktop=\"https:\/\/acento.com.do\/media\/storage02\/uploads\/2021\/01\/euclides-sanchez_12567375_20191106190029-728x410.webp\" data-mobile=\"https:\/\/acento.com.do\/media\/storage02\/uploads\/2021\/01\/euclides-sanchez_12567375_20191106190029-400x225.webp\" \/><figcaption class=\"wp-caption-text\"><em><strong>Euclides S\u00e1nchez<\/strong><\/em><\/figcaption><\/figure>\n<p>SANTO DOMINGO, Rep\u00fablica Dominicana.- El dirigente pol\u00edtico Euclides S\u00e1nchez anunci\u00f3 este lunes su renuncia al Partido de la Liberaci\u00f3n Dominicana (PLD) luego de haber pertenecido a sus filas por m\u00e1s de 35 a\u00f1os.<\/p>\n<div class=\"article-body-content\">\n<p>S\u00e1nchez quien se desempe\u00f1\u00f3 como presidente del PLD en La Vega, hizo p\u00fablica en su perfil de Twitter la carta de renuncia enviada a Tem\u00edstocles Mont\u00e1s, actual presidente interino de ese partido.<\/p>\n<p>&#8220;<span class=\"css-901oao css-16my406 r-poiln3 r-bcqeeo r-qvutc0\">Con pesar les presento mi lamentable renuncia del PLD.<\/span><span class=\"r-18u37iz\"><a class=\"css-4rbku5 css-18t94o4 css-901oao css-16my406 r-1n1174f r-1loqt21 r-poiln3 r-bcqeeo r-qvutc0\" dir=\"ltr\" role=\"link\" href=\"https:\/\/twitter.com\/PLDenlinea\" data-focusable=\"true\">@PLDenlinea<\/a><\/span>El grupismo me venci\u00f3&#8221;, escribi\u00f3.<\/p>\n<p>En la misma dijo que en los \u00faltimos a\u00f1os ha observado como el PLD &#8220;se ha desviado de los principios que le dieron origen y que lo caracterizaron como un fuerza pol\u00edtica diferente y \u00fanica en Am\u00e9rica, pero que desgraciadamente ha tirado por la borda dichos principios&#8221;.<\/p>\n<p>Asimismo enfatiz\u00f3 que en ese partido prevaleci\u00f3 un sistema operativo &#8220;carente de institucionalidad, disciplina y de la aplicaci\u00f3n de un r\u00e9gimen de consecuencias&#8221;.<\/p>\n<p>Euclides S\u00e1nchez se ha desempe\u00f1ado anteriormente como alcalde y varias veces como diputado y senador por la provincia de La Vega bajo las filas del PLD.<\/p>\n<\/div>\n<p>Impactos: 77<\/p>","protected":false},"excerpt":{"rendered":"<p>Por\u00a0SERVICIOS DE ACENTO.COM.DO SANTO DOMINGO, Rep\u00fablica Dominicana.- El dirigente pol\u00edtico Euclides S\u00e1nchez anunci\u00f3 este lunes su renuncia al Partido de la Liberaci\u00f3n Dominicana (PLD)<\/p>\n","protected":false},"author":3,"featured_media":12078,"comment_status":"open","ping_status":"closed","sticky":false,"template":"","format":"standard","meta":[],"categories":[6],"tags":[],"_links":{"self":[{"href":"https:\/\/hormigaradio.com\/index.php?rest_route=\/wp\/v2\/posts\/12076"}],"collection":[{"href":"https:\/\/hormigaradio.com\/index.php?rest_route=\/wp\/v2\/posts"}],"about":[{"href":"https:\/\/hormigaradio.com\/index.php?rest_route=\/wp\/v2\/types\/post"}],"author":[{"embeddable":true,"href":"https:\/\/hormigaradio.com\/index.php?rest_route=\/wp\/v2\/users\/3"}],"replies":[{"embeddable":true,"href":"https:\/\/hormigaradio.com\/index.php?rest_route=%2Fwp%2Fv2%2Fcomments&post=12076"}],"version-history":[{"count":3,"href":"https:\/\/hormigaradio.com\/index.php?rest_route=\/wp\/v2\/posts\/12076\/revisions"}],"predecessor-version":[{"id":12080,"href":"https:\/\/hormigaradio.com\/index.php?rest_route=\/wp\/v2\/posts\/12076\/revisions\/12080"}],"wp:featuredmedia":[{"embeddable":true,"href":"https:\/\/hormigaradio.com\/index.php?rest_route=\/wp\/v2\/media\/12078"}],"wp:attachment":[{"href":"https:\/\/hormigaradio.com\/index.php?rest_route=%2Fwp%2Fv2%2Fmedia&parent=12076"}],"wp:term":[{"taxonomy":"category","embeddable":true,"href":"https:\/\/hormigaradio.com\/index.php?rest_route=%2Fwp%2Fv2%2Fcategories&post=12076"},{"taxonomy":"post_tag","embeddable":true,"href":"https:\/\/hormigaradio.com\/index.php?rest_route=%2Fwp%2Fv2%2Ftags&post=12076"}],"curies":[{"name":"wp","href":"https:\/\/api.w.org\/{rel}","templated":true}]}}